{"id":1316,"date":"2023-06-09T10:44:57","date_gmt":"2023-06-09T10:44:57","guid":{"rendered":"https:\/\/www.bibliotecadiocesanademallorca.com\/?p=1316"},"modified":"2023-06-09T10:49:12","modified_gmt":"2023-06-09T10:49:12","slug":"curs-de-preservacio-i-conservacio-documental","status":"publish","type":"post","link":"https:\/\/www.bibliotecadiocesanademallorca.com\/index.php\/2023\/06\/09\/curs-de-preservacio-i-conservacio-documental\/","title":{"rendered":"Curs de preservaci\u00f3 i conservaci\u00f3 documental"},"content":{"rendered":"<p><img loading=\"lazy\" decoding=\"async\" class=\"alignnone size-full wp-image-1317\" src=\"https:\/\/www.bibliotecadiocesanademallorca.com\/wp-content\/uploads\/2023\/06\/Conservacio-llibre-scaled-e1686307398537.jpg\" alt=\"\" width=\"2560\" height=\"1893\" srcset=\"https:\/\/www.bibliotecadiocesanademallorca.com\/wp-content\/uploads\/2023\/06\/Conservacio-llibre-scaled-e1686307398537.jpg 2560w, https:\/\/www.bibliotecadiocesanademallorca.com\/wp-content\/uploads\/2023\/06\/Conservacio-llibre-scaled-e1686307398537-300x222.jpg 300w, https:\/\/www.bibliotecadiocesanademallorca.com\/wp-content\/uploads\/2023\/06\/Conservacio-llibre-scaled-e1686307398537-1024x757.jpg 1024w, https:\/\/www.bibliotecadiocesanademallorca.com\/wp-content\/uploads\/2023\/06\/Conservacio-llibre-scaled-e1686307398537-768x568.jpg 768w, https:\/\/www.bibliotecadiocesanademallorca.com\/wp-content\/uploads\/2023\/06\/Conservacio-llibre-scaled-e1686307398537-1536x1136.jpg 1536w, https:\/\/www.bibliotecadiocesanademallorca.com\/wp-content\/uploads\/2023\/06\/Conservacio-llibre-scaled-e1686307398537-2048x1514.jpg 2048w, https:\/\/www.bibliotecadiocesanademallorca.com\/wp-content\/uploads\/2023\/06\/Conservacio-llibre-scaled-e1686307398537-676x500.jpg 676w\" sizes=\"auto, (max-width: 2560px) 100vw, 2560px\" \/><\/p>\n<p>Des de la Vicaria de Patrimoni es va organitzar un curs de formaci\u00f3 en mat\u00e8ria de conservaci\u00f3 preventiva per arxius, que es dugu\u00e9 a terme els passats dies 3 i 17 de maig a la Biblioteca Diocesana. El curs fou impartit per Maria Carbonell, titulada en conservaci\u00f3 i restauraci\u00f3 de b\u00e9ns culturals, i actual conservadora de la Col\u00b7lecci\u00f3 d\u2019Anglada Camarassa del CaixaForum de Palma.<\/p>\n<p>El prop\u00f2sit d&#8217;aquesta activitat ha consistit en oferir formaci\u00f3 i facilitar les eines per a prendre consci\u00e8ncia sobre l\u2019estat de les instal\u00b7lacions i del material vinculat al lloc on es treballa, per tal de poder elaborar un diagn\u00f2stic i dissenyar un pla de conservaci\u00f3 preventiva o un pla d\u2019actuaci\u00f3. Aquests inclouen el desenvolupament de directrius que engloben guies i procediments per a protegir el material als dip\u00f2sits o durant el seu \u00fas, aix\u00ed com el control ambiental, amb la finalitat de pal\u00b7liar la seva degradaci\u00f3 qu\u00edmica, f\u00edsica i biol\u00f2gica.<\/p>\n<p><img loading=\"lazy\" decoding=\"async\" class=\"alignnone size-full wp-image-1319\" src=\"https:\/\/www.bibliotecadiocesanademallorca.com\/wp-content\/uploads\/2023\/06\/Curs-de-conservacio-2023_2.jpg\" alt=\"\" width=\"2048\" height=\"1536\" srcset=\"https:\/\/www.bibliotecadiocesanademallorca.com\/wp-content\/uploads\/2023\/06\/Curs-de-conservacio-2023_2.jpg 2048w, https:\/\/www.bibliotecadiocesanademallorca.com\/wp-content\/uploads\/2023\/06\/Curs-de-conservacio-2023_2-300x225.jpg 300w, https:\/\/www.bibliotecadiocesanademallorca.com\/wp-content\/uploads\/2023\/06\/Curs-de-conservacio-2023_2-1024x768.jpg 1024w, https:\/\/www.bibliotecadiocesanademallorca.com\/wp-content\/uploads\/2023\/06\/Curs-de-conservacio-2023_2-768x576.jpg 768w, https:\/\/www.bibliotecadiocesanademallorca.com\/wp-content\/uploads\/2023\/06\/Curs-de-conservacio-2023_2-1536x1152.jpg 1536w, https:\/\/www.bibliotecadiocesanademallorca.com\/wp-content\/uploads\/2023\/06\/Curs-de-conservacio-2023_2-676x507.jpg 676w\" sizes=\"auto, (max-width: 2048px) 100vw, 2048px\" \/><\/p>\n<p>El programa es va dividir en una primera sessi\u00f3 te\u00f2rica i una segona pr\u00e0ctica. Aquesta darrera va permetre als participants pujar a un dels dep\u00f2sits de la Biblioteca per a poder aplicar els coneixements d\u2019an\u00e0lisi adquirits a diversos exemplars del fons antic.<\/p>\n<p>Al curs hi assistiren un total de 17 persones; a m\u00e9s de l&#8217;equip de la Biblioteca Diocesana \u2015treballadors i voluntaris\u2015, tamb\u00e9 hi assistiren membres de la Biblioteca Ram\u00f3n Llull i de diversos departaments del Bisbat de Mallorca, com Patrimoni, Cancelleria, Administraci\u00f3 i Arxiu Dioces\u00e0.<\/p>\n<p>Des de la Biblioteca Diocesana volem agrair a la Vicaria de Patrimoni aquesta iniciativa.<\/p>\n<p>Maria Isabel Riera, cap de sala<\/p>\n<p><img loading=\"lazy\" decoding=\"async\" class=\"alignnone size-full wp-image-1318\" src=\"https:\/\/www.bibliotecadiocesanademallorca.com\/wp-content\/uploads\/2023\/06\/Curs-de-conservacio-2023_1.jpg\" alt=\"\" width=\"2048\" height=\"1536\" srcset=\"https:\/\/www.bibliotecadiocesanademallorca.com\/wp-content\/uploads\/2023\/06\/Curs-de-conservacio-2023_1.jpg 2048w, https:\/\/www.bibliotecadiocesanademallorca.com\/wp-content\/uploads\/2023\/06\/Curs-de-conservacio-2023_1-300x225.jpg 300w, https:\/\/www.bibliotecadiocesanademallorca.com\/wp-content\/uploads\/2023\/06\/Curs-de-conservacio-2023_1-1024x768.jpg 1024w, https:\/\/www.bibliotecadiocesanademallorca.com\/wp-content\/uploads\/2023\/06\/Curs-de-conservacio-2023_1-768x576.jpg 768w, https:\/\/www.bibliotecadiocesanademallorca.com\/wp-content\/uploads\/2023\/06\/Curs-de-conservacio-2023_1-1536x1152.jpg 1536w, https:\/\/www.bibliotecadiocesanademallorca.com\/wp-content\/uploads\/2023\/06\/Curs-de-conservacio-2023_1-676x507.jpg 676w\" sizes=\"auto, (max-width: 2048px) 100vw, 2048px\" \/><\/p>\n","protected":false},"excerpt":{"rendered":"<p>Des de la Vicaria de Patrimoni es va organitzar un curs de formaci\u00f3 en mat\u00e8ria de conservaci\u00f3 preventiva per arxius, que es dugu\u00e9 a terme els passats dies 3 i 17 de maig a la Biblioteca Diocesana. El curs fou impartit per Maria Carbonell, titulada en conservaci\u00f3 i restauraci\u00f3 de b\u00e9ns culturals, i actual conservadora [&hellip;]<\/p>\n","protected":false},"author":1,"featured_media":0,"comment_status":"closed","ping_status":"open","sticky":false,"template":"","format":"standard","meta":{"footnotes":""},"categories":[119,120],"tags":[121,122,123],"class_list":["post-1316","post","type-post","status-publish","format-standard","hentry","category-equip-bibliotecari","category-noticies","tag-curs-de-conservacio-documental","tag-formacio","tag-vicaria-de-patrimoni","post-preview"],"yoast_head":"<!-- This site is optimized with the Yoast SEO plugin v26.8 - https:\/\/yoast.com\/product\/yoast-seo-wordpress\/ -->\n<title>Curs de preservaci\u00f3 i conservaci\u00f3 documental - Biblioteca Diocesana de Mallorca<\/title>\n<meta name=\"robots\" content=\"index, follow, max-snippet:-1, max-image-preview:large, max-video-preview:-1\" \/>\n<link rel=\"canonical\" href=\"https:\/\/www.bibliotecadiocesanademallorca.com\/index.php\/2023\/06\/09\/curs-de-preservacio-i-conservacio-documental\/\" \/>\n<meta property=\"og:locale\" content=\"ca_ES\" \/>\n<meta property=\"og:type\" content=\"article\" \/>\n<meta property=\"og:title\" content=\"Curs de preservaci\u00f3 i conservaci\u00f3 documental - Biblioteca Diocesana de Mallorca\" \/>\n<meta property=\"og:description\" content=\"Des de la Vicaria de Patrimoni es va organitzar un curs de formaci\u00f3 en mat\u00e8ria de conservaci\u00f3 preventiva per arxius, que es dugu\u00e9 a terme els passats dies 3 i 17 de maig a la Biblioteca Diocesana. El curs fou impartit per Maria Carbonell, titulada en conservaci\u00f3 i restauraci\u00f3 de b\u00e9ns culturals, i actual conservadora [&hellip;]\" \/>\n<meta property=\"og:url\" content=\"https:\/\/www.bibliotecadiocesanademallorca.com\/index.php\/2023\/06\/09\/curs-de-preservacio-i-conservacio-documental\/\" \/>\n<meta property=\"og:site_name\" content=\"Biblioteca Diocesana de Mallorca\" \/>\n<meta property=\"article:published_time\" content=\"2023-06-09T10:44:57+00:00\" \/>\n<meta property=\"article:modified_time\" content=\"2023-06-09T10:49:12+00:00\" \/>\n<meta property=\"og:image\" content=\"https:\/\/www.bibliotecadiocesanademallorca.com\/wp-content\/uploads\/2023\/06\/Conservacio-llibre-scaled-e1686307398537.jpg\" \/>\n<meta name=\"author\" content=\"Biblioteca Diocesana de Mallorca\" \/>\n<meta name=\"twitter:card\" content=\"summary_large_image\" \/>\n<meta name=\"twitter:label1\" content=\"Escrit per\" \/>\n\t<meta name=\"twitter:data1\" content=\"Biblioteca Diocesana de Mallorca\" \/>\n\t<meta name=\"twitter:label2\" content=\"Temps estimat de lectura\" \/>\n\t<meta name=\"twitter:data2\" content=\"3 minuts\" \/>\n<script type=\"application\/ld+json\" class=\"yoast-schema-graph\">{\"@context\":\"https:\/\/schema.org\",\"@graph\":[{\"@type\":\"Article\",\"@id\":\"https:\/\/www.bibliotecadiocesanademallorca.com\/index.php\/2023\/06\/09\/curs-de-preservacio-i-conservacio-documental\/#article\",\"isPartOf\":{\"@id\":\"https:\/\/www.bibliotecadiocesanademallorca.com\/index.php\/2023\/06\/09\/curs-de-preservacio-i-conservacio-documental\/\"},\"author\":{\"name\":\"Biblioteca Diocesana de Mallorca\",\"@id\":\"https:\/\/www.bibliotecadiocesanademallorca.com\/#\/schema\/person\/fc19782e70b95759f9500a3c7f5d621e\"},\"headline\":\"Curs de preservaci\u00f3 i conservaci\u00f3 documental\",\"datePublished\":\"2023-06-09T10:44:57+00:00\",\"dateModified\":\"2023-06-09T10:49:12+00:00\",\"mainEntityOfPage\":{\"@id\":\"https:\/\/www.bibliotecadiocesanademallorca.com\/index.php\/2023\/06\/09\/curs-de-preservacio-i-conservacio-documental\/\"},\"wordCount\":286,\"image\":{\"@id\":\"https:\/\/www.bibliotecadiocesanademallorca.com\/index.php\/2023\/06\/09\/curs-de-preservacio-i-conservacio-documental\/#primaryimage\"},\"thumbnailUrl\":\"https:\/\/www.bibliotecadiocesanademallorca.com\/wp-content\/uploads\/2023\/06\/Conservacio-llibre-scaled-e1686307398537.jpg\",\"keywords\":[\"Curs de conservaci\u00f3 documental\",\"Formaci\u00f3\",\"Vicaria de Patrimoni\"],\"articleSection\":[\"Equip bibliotecari\",\"Not\u00edcies\"],\"inLanguage\":\"ca\"},{\"@type\":\"WebPage\",\"@id\":\"https:\/\/www.bibliotecadiocesanademallorca.com\/index.php\/2023\/06\/09\/curs-de-preservacio-i-conservacio-documental\/\",\"url\":\"https:\/\/www.bibliotecadiocesanademallorca.com\/index.php\/2023\/06\/09\/curs-de-preservacio-i-conservacio-documental\/\",\"name\":\"Curs de preservaci\u00f3 i conservaci\u00f3 documental - Biblioteca Diocesana de Mallorca\",\"isPartOf\":{\"@id\":\"https:\/\/www.bibliotecadiocesanademallorca.com\/#website\"},\"primaryImageOfPage\":{\"@id\":\"https:\/\/www.bibliotecadiocesanademallorca.com\/index.php\/2023\/06\/09\/curs-de-preservacio-i-conservacio-documental\/#primaryimage\"},\"image\":{\"@id\":\"https:\/\/www.bibliotecadiocesanademallorca.com\/index.php\/2023\/06\/09\/curs-de-preservacio-i-conservacio-documental\/#primaryimage\"},\"thumbnailUrl\":\"https:\/\/www.bibliotecadiocesanademallorca.com\/wp-content\/uploads\/2023\/06\/Conservacio-llibre-scaled-e1686307398537.jpg\",\"datePublished\":\"2023-06-09T10:44:57+00:00\",\"dateModified\":\"2023-06-09T10:49:12+00:00\",\"author\":{\"@id\":\"https:\/\/www.bibliotecadiocesanademallorca.com\/#\/schema\/person\/fc19782e70b95759f9500a3c7f5d621e\"},\"breadcrumb\":{\"@id\":\"https:\/\/www.bibliotecadiocesanademallorca.com\/index.php\/2023\/06\/09\/curs-de-preservacio-i-conservacio-documental\/#breadcrumb\"},\"inLanguage\":\"ca\",\"potentialAction\":[{\"@type\":\"ReadAction\",\"target\":[\"https:\/\/www.bibliotecadiocesanademallorca.com\/index.php\/2023\/06\/09\/curs-de-preservacio-i-conservacio-documental\/\"]}]},{\"@type\":\"ImageObject\",\"inLanguage\":\"ca\",\"@id\":\"https:\/\/www.bibliotecadiocesanademallorca.com\/index.php\/2023\/06\/09\/curs-de-preservacio-i-conservacio-documental\/#primaryimage\",\"url\":\"https:\/\/www.bibliotecadiocesanademallorca.com\/wp-content\/uploads\/2023\/06\/Conservacio-llibre-scaled-e1686307398537.jpg\",\"contentUrl\":\"https:\/\/www.bibliotecadiocesanademallorca.com\/wp-content\/uploads\/2023\/06\/Conservacio-llibre-scaled-e1686307398537.jpg\",\"width\":2560,\"height\":1893},{\"@type\":\"BreadcrumbList\",\"@id\":\"https:\/\/www.bibliotecadiocesanademallorca.com\/index.php\/2023\/06\/09\/curs-de-preservacio-i-conservacio-documental\/#breadcrumb\",\"itemListElement\":[{\"@type\":\"ListItem\",\"position\":1,\"name\":\"Inici\",\"item\":\"https:\/\/www.bibliotecadiocesanademallorca.com\/\"},{\"@type\":\"ListItem\",\"position\":2,\"name\":\"Curs de preservaci\u00f3 i conservaci\u00f3 documental\"}]},{\"@type\":\"WebSite\",\"@id\":\"https:\/\/www.bibliotecadiocesanademallorca.com\/#website\",\"url\":\"https:\/\/www.bibliotecadiocesanademallorca.com\/\",\"name\":\"Biblioteca Diocesana de Mallorca\",\"description\":\"Bisbat de Mallorca\",\"potentialAction\":[{\"@type\":\"SearchAction\",\"target\":{\"@type\":\"EntryPoint\",\"urlTemplate\":\"https:\/\/www.bibliotecadiocesanademallorca.com\/?s={search_term_string}\"},\"query-input\":{\"@type\":\"PropertyValueSpecification\",\"valueRequired\":true,\"valueName\":\"search_term_string\"}}],\"inLanguage\":\"ca\"},{\"@type\":\"Person\",\"@id\":\"https:\/\/www.bibliotecadiocesanademallorca.com\/#\/schema\/person\/fc19782e70b95759f9500a3c7f5d621e\",\"name\":\"Biblioteca Diocesana de Mallorca\",\"image\":{\"@type\":\"ImageObject\",\"inLanguage\":\"ca\",\"@id\":\"https:\/\/www.bibliotecadiocesanademallorca.com\/#\/schema\/person\/image\/\",\"url\":\"https:\/\/secure.gravatar.com\/avatar\/d5ecd25069bfbe7c3154db55ce6ca8107b61d46c128451491fcc40d609a3494e?s=96&d=mm&r=g\",\"contentUrl\":\"https:\/\/secure.gravatar.com\/avatar\/d5ecd25069bfbe7c3154db55ce6ca8107b61d46c128451491fcc40d609a3494e?s=96&d=mm&r=g\",\"caption\":\"Biblioteca Diocesana de Mallorca\"},\"sameAs\":[\"http:\/\/www.bibliotecadiocesanademallorca.com\",\"bibliotecadiocesanademallorca\"],\"url\":\"https:\/\/www.bibliotecadiocesanademallorca.com\/index.php\/author\/bibliotecadiocesanademallorca\/\"}]}<\/script>\n<!-- \/ Yoast SEO plugin. -->","yoast_head_json":{"title":"Curs de preservaci\u00f3 i conservaci\u00f3 documental - Biblioteca Diocesana de Mallorca","robots":{"index":"index","follow":"follow","max-snippet":"max-snippet:-1","max-image-preview":"max-image-preview:large","max-video-preview":"max-video-preview:-1"},"canonical":"https:\/\/www.bibliotecadiocesanademallorca.com\/index.php\/2023\/06\/09\/curs-de-preservacio-i-conservacio-documental\/","og_locale":"ca_ES","og_type":"article","og_title":"Curs de preservaci\u00f3 i conservaci\u00f3 documental - Biblioteca Diocesana de Mallorca","og_description":"Des de la Vicaria de Patrimoni es va organitzar un curs de formaci\u00f3 en mat\u00e8ria de conservaci\u00f3 preventiva per arxius, que es dugu\u00e9 a terme els passats dies 3 i 17 de maig a la Biblioteca Diocesana. El curs fou impartit per Maria Carbonell, titulada en conservaci\u00f3 i restauraci\u00f3 de b\u00e9ns culturals, i actual conservadora [&hellip;]","og_url":"https:\/\/www.bibliotecadiocesanademallorca.com\/index.php\/2023\/06\/09\/curs-de-preservacio-i-conservacio-documental\/","og_site_name":"Biblioteca Diocesana de Mallorca","article_published_time":"2023-06-09T10:44:57+00:00","article_modified_time":"2023-06-09T10:49:12+00:00","og_image":[{"url":"https:\/\/www.bibliotecadiocesanademallorca.com\/wp-content\/uploads\/2023\/06\/Conservacio-llibre-scaled-e1686307398537.jpg","type":"","width":"","height":""}],"author":"Biblioteca Diocesana de Mallorca","twitter_card":"summary_large_image","twitter_misc":{"Escrit per":"Biblioteca Diocesana de Mallorca","Temps estimat de lectura":"3 minuts"},"schema":{"@context":"https:\/\/schema.org","@graph":[{"@type":"Article","@id":"https:\/\/www.bibliotecadiocesanademallorca.com\/index.php\/2023\/06\/09\/curs-de-preservacio-i-conservacio-documental\/#article","isPartOf":{"@id":"https:\/\/www.bibliotecadiocesanademallorca.com\/index.php\/2023\/06\/09\/curs-de-preservacio-i-conservacio-documental\/"},"author":{"name":"Biblioteca Diocesana de Mallorca","@id":"https:\/\/www.bibliotecadiocesanademallorca.com\/#\/schema\/person\/fc19782e70b95759f9500a3c7f5d621e"},"headline":"Curs de preservaci\u00f3 i conservaci\u00f3 documental","datePublished":"2023-06-09T10:44:57+00:00","dateModified":"2023-06-09T10:49:12+00:00","mainEntityOfPage":{"@id":"https:\/\/www.bibliotecadiocesanademallorca.com\/index.php\/2023\/06\/09\/curs-de-preservacio-i-conservacio-documental\/"},"wordCount":286,"image":{"@id":"https:\/\/www.bibliotecadiocesanademallorca.com\/index.php\/2023\/06\/09\/curs-de-preservacio-i-conservacio-documental\/#primaryimage"},"thumbnailUrl":"https:\/\/www.bibliotecadiocesanademallorca.com\/wp-content\/uploads\/2023\/06\/Conservacio-llibre-scaled-e1686307398537.jpg","keywords":["Curs de conservaci\u00f3 documental","Formaci\u00f3","Vicaria de Patrimoni"],"articleSection":["Equip bibliotecari","Not\u00edcies"],"inLanguage":"ca"},{"@type":"WebPage","@id":"https:\/\/www.bibliotecadiocesanademallorca.com\/index.php\/2023\/06\/09\/curs-de-preservacio-i-conservacio-documental\/","url":"https:\/\/www.bibliotecadiocesanademallorca.com\/index.php\/2023\/06\/09\/curs-de-preservacio-i-conservacio-documental\/","name":"Curs de preservaci\u00f3 i conservaci\u00f3 documental - Biblioteca Diocesana de Mallorca","isPartOf":{"@id":"https:\/\/www.bibliotecadiocesanademallorca.com\/#website"},"primaryImageOfPage":{"@id":"https:\/\/www.bibliotecadiocesanademallorca.com\/index.php\/2023\/06\/09\/curs-de-preservacio-i-conservacio-documental\/#primaryimage"},"image":{"@id":"https:\/\/www.bibliotecadiocesanademallorca.com\/index.php\/2023\/06\/09\/curs-de-preservacio-i-conservacio-documental\/#primaryimage"},"thumbnailUrl":"https:\/\/www.bibliotecadiocesanademallorca.com\/wp-content\/uploads\/2023\/06\/Conservacio-llibre-scaled-e1686307398537.jpg","datePublished":"2023-06-09T10:44:57+00:00","dateModified":"2023-06-09T10:49:12+00:00","author":{"@id":"https:\/\/www.bibliotecadiocesanademallorca.com\/#\/schema\/person\/fc19782e70b95759f9500a3c7f5d621e"},"breadcrumb":{"@id":"https:\/\/www.bibliotecadiocesanademallorca.com\/index.php\/2023\/06\/09\/curs-de-preservacio-i-conservacio-documental\/#breadcrumb"},"inLanguage":"ca","potentialAction":[{"@type":"ReadAction","target":["https:\/\/www.bibliotecadiocesanademallorca.com\/index.php\/2023\/06\/09\/curs-de-preservacio-i-conservacio-documental\/"]}]},{"@type":"ImageObject","inLanguage":"ca","@id":"https:\/\/www.bibliotecadiocesanademallorca.com\/index.php\/2023\/06\/09\/curs-de-preservacio-i-conservacio-documental\/#primaryimage","url":"https:\/\/www.bibliotecadiocesanademallorca.com\/wp-content\/uploads\/2023\/06\/Conservacio-llibre-scaled-e1686307398537.jpg","contentUrl":"https:\/\/www.bibliotecadiocesanademallorca.com\/wp-content\/uploads\/2023\/06\/Conservacio-llibre-scaled-e1686307398537.jpg","width":2560,"height":1893},{"@type":"BreadcrumbList","@id":"https:\/\/www.bibliotecadiocesanademallorca.com\/index.php\/2023\/06\/09\/curs-de-preservacio-i-conservacio-documental\/#breadcrumb","itemListElement":[{"@type":"ListItem","position":1,"name":"Inici","item":"https:\/\/www.bibliotecadiocesanademallorca.com\/"},{"@type":"ListItem","position":2,"name":"Curs de preservaci\u00f3 i conservaci\u00f3 documental"}]},{"@type":"WebSite","@id":"https:\/\/www.bibliotecadiocesanademallorca.com\/#website","url":"https:\/\/www.bibliotecadiocesanademallorca.com\/","name":"Biblioteca Diocesana de Mallorca","description":"Bisbat de Mallorca","potentialAction":[{"@type":"SearchAction","target":{"@type":"EntryPoint","urlTemplate":"https:\/\/www.bibliotecadiocesanademallorca.com\/?s={search_term_string}"},"query-input":{"@type":"PropertyValueSpecification","valueRequired":true,"valueName":"search_term_string"}}],"inLanguage":"ca"},{"@type":"Person","@id":"https:\/\/www.bibliotecadiocesanademallorca.com\/#\/schema\/person\/fc19782e70b95759f9500a3c7f5d621e","name":"Biblioteca Diocesana de Mallorca","image":{"@type":"ImageObject","inLanguage":"ca","@id":"https:\/\/www.bibliotecadiocesanademallorca.com\/#\/schema\/person\/image\/","url":"https:\/\/secure.gravatar.com\/avatar\/d5ecd25069bfbe7c3154db55ce6ca8107b61d46c128451491fcc40d609a3494e?s=96&d=mm&r=g","contentUrl":"https:\/\/secure.gravatar.com\/avatar\/d5ecd25069bfbe7c3154db55ce6ca8107b61d46c128451491fcc40d609a3494e?s=96&d=mm&r=g","caption":"Biblioteca Diocesana de Mallorca"},"sameAs":["http:\/\/www.bibliotecadiocesanademallorca.com","bibliotecadiocesanademallorca"],"url":"https:\/\/www.bibliotecadiocesanademallorca.com\/index.php\/author\/bibliotecadiocesanademallorca\/"}]}},"_links":{"self":[{"href":"https:\/\/www.bibliotecadiocesanademallorca.com\/index.php\/wp-json\/wp\/v2\/posts\/1316","targetHints":{"allow":["GET"]}}],"collection":[{"href":"https:\/\/www.bibliotecadiocesanademallorca.com\/index.php\/wp-json\/wp\/v2\/posts"}],"about":[{"href":"https:\/\/www.bibliotecadiocesanademallorca.com\/index.php\/wp-json\/wp\/v2\/types\/post"}],"author":[{"embeddable":true,"href":"https:\/\/www.bibliotecadiocesanademallorca.com\/index.php\/wp-json\/wp\/v2\/users\/1"}],"replies":[{"embeddable":true,"href":"https:\/\/www.bibliotecadiocesanademallorca.com\/index.php\/wp-json\/wp\/v2\/comments?post=1316"}],"version-history":[{"count":3,"href":"https:\/\/www.bibliotecadiocesanademallorca.com\/index.php\/wp-json\/wp\/v2\/posts\/1316\/revisions"}],"predecessor-version":[{"id":1322,"href":"https:\/\/www.bibliotecadiocesanademallorca.com\/index.php\/wp-json\/wp\/v2\/posts\/1316\/revisions\/1322"}],"wp:attachment":[{"href":"https:\/\/www.bibliotecadiocesanademallorca.com\/index.php\/wp-json\/wp\/v2\/media?parent=1316"}],"wp:term":[{"taxonomy":"category","embeddable":true,"href":"https:\/\/www.bibliotecadiocesanademallorca.com\/index.php\/wp-json\/wp\/v2\/categories?post=1316"},{"taxonomy":"post_tag","embeddable":true,"href":"https:\/\/www.bibliotecadiocesanademallorca.com\/index.php\/wp-json\/wp\/v2\/tags?post=1316"}],"curies":[{"name":"wp","href":"https:\/\/api.w.org\/{rel}","templated":true}]}}