{"id":1331,"date":"2023-08-03T18:41:47","date_gmt":"2023-08-03T18:41:47","guid":{"rendered":"https:\/\/www.bibliotecadiocesanademallorca.com\/?p=1331"},"modified":"2023-10-16T23:40:57","modified_gmt":"2023-10-16T23:40:57","slug":"darrer-numero-de-la-revista-comprendre","status":"publish","type":"post","link":"https:\/\/www.bibliotecadiocesanademallorca.com\/index.php\/2023\/08\/03\/darrer-numero-de-la-revista-comprendre\/","title":{"rendered":"Darrer n\u00famero de la revista \u00abComprendre: revista catalana de filosofia\u00bb"},"content":{"rendered":"<p><strong><em>Comprendre:\u00a0Revista Catalana de Filosofia<\/em>. Vol. 25\/1. 2023. Facultat de Filosofia la Salle. Universitat Ramon Llull.<\/strong><\/p>\n<p><img loading=\"lazy\" decoding=\"async\" class=\"alignnone size-full wp-image-1332\" src=\"https:\/\/www.bibliotecadiocesanademallorca.com\/wp-content\/uploads\/2023\/09\/Comprendre-251-2023.jpg\" alt=\"\" width=\"526\" height=\"697\" srcset=\"https:\/\/www.bibliotecadiocesanademallorca.com\/wp-content\/uploads\/2023\/09\/Comprendre-251-2023.jpg 526w, https:\/\/www.bibliotecadiocesanademallorca.com\/wp-content\/uploads\/2023\/09\/Comprendre-251-2023-226x300.jpg 226w\" sizes=\"auto, (max-width: 526px) 100vw, 526px\" \/><\/p>\n<p>Aquest n\u00famero de la dita revista cont\u00e9 diverses col\u00b7laboracions d\u2019inter\u00e8s, entre les quals destaca la dedicada a uns textos teol\u00f2gics de Simone Weil, la coneguda activista intel\u00b7lectual i pol\u00edtica, on, com destaca l\u2019autora, Carmen Herrando, professora de la Universitat cat\u00f2lica San Jorge de Saragossa, resta comprovat com el dit personatge, procedent d\u2019ambients jueus laics, romangu\u00e9 al llindar de l\u2019Esgl\u00e9sia tota la vida, a semblan\u00e7a d\u2019alguns catec\u00famens dels segles primers. Aix\u00f2 no obstant, defens\u00e0 sempre la pres\u00e8ncia real de Jesucrist a l\u2019Eucaristia i s\u2019aproxim\u00e0 molt al concepte genu\u00ed de sagrament, com es pot copsar en la seva correspond\u00e8ncia i relaci\u00f3 amb personatges cat\u00f2lics de la Resist\u00e8ncia francesa entorn de la Segona Guerra mundial.<\/p>\n<p>\u00c9s a disposici\u00f3 dels usuaris de la Biblioteca Diocesana de Mallorca.<\/p>\n<p>Santiago Mar\u00eda Amer, t\u00e8cnic auxiliar<\/p>\n","protected":false},"excerpt":{"rendered":"<p>Comprendre:\u00a0Revista Catalana de Filosofia. Vol. 25\/1. 2023. Facultat de Filosofia la Salle. Universitat Ramon Llull. Aquest n\u00famero de la dita revista cont\u00e9 diverses col\u00b7laboracions d\u2019inter\u00e8s, entre les quals destaca la dedicada a uns textos teol\u00f2gics de Simone Weil, la coneguda activista intel\u00b7lectual i pol\u00edtica, on, com destaca l\u2019autora, Carmen Herrando, professora de la Universitat cat\u00f2lica [&hellip;]<\/p>\n","protected":false},"author":1,"featured_media":0,"comment_status":"closed","ping_status":"open","sticky":false,"template":"","format":"standard","meta":{"footnotes":""},"categories":[62,18,41],"tags":[33,124,42],"class_list":["post-1331","post","type-post","status-publish","format-standard","hentry","category-hemeroteca","category-ressenyes-de-revistes","category-tecnic-auxiliar","tag-ressenyes","tag-revista-comprendre","tag-santiago-amer","post-preview"],"yoast_head":"<!-- This site is optimized with the Yoast SEO plugin v26.8 - https:\/\/yoast.com\/product\/yoast-seo-wordpress\/ -->\n<title>Darrer n\u00famero de la revista \u00abComprendre: revista catalana de filosofia\u00bb - Biblioteca Diocesana de Mallorca<\/title>\n<meta name=\"robots\" content=\"index, follow, max-snippet:-1, max-image-preview:large, max-video-preview:-1\" \/>\n<link rel=\"canonical\" href=\"https:\/\/www.bibliotecadiocesanademallorca.com\/index.php\/2023\/08\/03\/darrer-numero-de-la-revista-comprendre\/\" \/>\n<meta property=\"og:locale\" content=\"ca_ES\" \/>\n<meta property=\"og:type\" content=\"article\" \/>\n<meta property=\"og:title\" content=\"Darrer n\u00famero de la revista \u00abComprendre: revista catalana de filosofia\u00bb - Biblioteca Diocesana de Mallorca\" \/>\n<meta property=\"og:description\" content=\"Comprendre:\u00a0Revista Catalana de Filosofia. Vol. 25\/1. 2023. Facultat de Filosofia la Salle. Universitat Ramon Llull. Aquest n\u00famero de la dita revista cont\u00e9 diverses col\u00b7laboracions d\u2019inter\u00e8s, entre les quals destaca la dedicada a uns textos teol\u00f2gics de Simone Weil, la coneguda activista intel\u00b7lectual i pol\u00edtica, on, com destaca l\u2019autora, Carmen Herrando, professora de la Universitat cat\u00f2lica [&hellip;]\" \/>\n<meta property=\"og:url\" content=\"https:\/\/www.bibliotecadiocesanademallorca.com\/index.php\/2023\/08\/03\/darrer-numero-de-la-revista-comprendre\/\" \/>\n<meta property=\"og:site_name\" content=\"Biblioteca Diocesana de Mallorca\" \/>\n<meta property=\"article:published_time\" content=\"2023-08-03T18:41:47+00:00\" \/>\n<meta property=\"article:modified_time\" content=\"2023-10-16T23:40:57+00:00\" \/>\n<meta property=\"og:image\" content=\"https:\/\/www.bibliotecadiocesanademallorca.com\/wp-content\/uploads\/2023\/09\/Comprendre-251-2023.jpg\" \/>\n<meta name=\"author\" content=\"Biblioteca Diocesana de Mallorca\" \/>\n<meta name=\"twitter:card\" content=\"summary_large_image\" \/>\n<meta name=\"twitter:label1\" content=\"Escrit per\" \/>\n\t<meta name=\"twitter:data1\" content=\"Biblioteca Diocesana de Mallorca\" \/>\n\t<meta name=\"twitter:label2\" content=\"Temps estimat de lectura\" \/>\n\t<meta name=\"twitter:data2\" content=\"1 minut\" \/>\n<script type=\"application\/ld+json\" class=\"yoast-schema-graph\">{\"@context\":\"https:\/\/schema.org\",\"@graph\":[{\"@type\":\"Article\",\"@id\":\"https:\/\/www.bibliotecadiocesanademallorca.com\/index.php\/2023\/08\/03\/darrer-numero-de-la-revista-comprendre\/#article\",\"isPartOf\":{\"@id\":\"https:\/\/www.bibliotecadiocesanademallorca.com\/index.php\/2023\/08\/03\/darrer-numero-de-la-revista-comprendre\/\"},\"author\":{\"name\":\"Biblioteca Diocesana de Mallorca\",\"@id\":\"https:\/\/www.bibliotecadiocesanademallorca.com\/#\/schema\/person\/fc19782e70b95759f9500a3c7f5d621e\"},\"headline\":\"Darrer n\u00famero de la revista \u00abComprendre: revista catalana de filosofia\u00bb\",\"datePublished\":\"2023-08-03T18:41:47+00:00\",\"dateModified\":\"2023-10-16T23:40:57+00:00\",\"mainEntityOfPage\":{\"@id\":\"https:\/\/www.bibliotecadiocesanademallorca.com\/index.php\/2023\/08\/03\/darrer-numero-de-la-revista-comprendre\/\"},\"wordCount\":176,\"image\":{\"@id\":\"https:\/\/www.bibliotecadiocesanademallorca.com\/index.php\/2023\/08\/03\/darrer-numero-de-la-revista-comprendre\/#primaryimage\"},\"thumbnailUrl\":\"https:\/\/www.bibliotecadiocesanademallorca.com\/wp-content\/uploads\/2023\/09\/Comprendre-251-2023.jpg\",\"keywords\":[\"Ressenyes\",\"Revista Comprendre\",\"Santiago Amer\"],\"articleSection\":[\"Hemeroteca\",\"Ressenyes de revistes\",\"T\u00e8cnic auxiliar\"],\"inLanguage\":\"ca\"},{\"@type\":\"WebPage\",\"@id\":\"https:\/\/www.bibliotecadiocesanademallorca.com\/index.php\/2023\/08\/03\/darrer-numero-de-la-revista-comprendre\/\",\"url\":\"https:\/\/www.bibliotecadiocesanademallorca.com\/index.php\/2023\/08\/03\/darrer-numero-de-la-revista-comprendre\/\",\"name\":\"Darrer n\u00famero de la revista \u00abComprendre: revista catalana de filosofia\u00bb - Biblioteca Diocesana de Mallorca\",\"isPartOf\":{\"@id\":\"https:\/\/www.bibliotecadiocesanademallorca.com\/#website\"},\"primaryImageOfPage\":{\"@id\":\"https:\/\/www.bibliotecadiocesanademallorca.com\/index.php\/2023\/08\/03\/darrer-numero-de-la-revista-comprendre\/#primaryimage\"},\"image\":{\"@id\":\"https:\/\/www.bibliotecadiocesanademallorca.com\/index.php\/2023\/08\/03\/darrer-numero-de-la-revista-comprendre\/#primaryimage\"},\"thumbnailUrl\":\"https:\/\/www.bibliotecadiocesanademallorca.com\/wp-content\/uploads\/2023\/09\/Comprendre-251-2023.jpg\",\"datePublished\":\"2023-08-03T18:41:47+00:00\",\"dateModified\":\"2023-10-16T23:40:57+00:00\",\"author\":{\"@id\":\"https:\/\/www.bibliotecadiocesanademallorca.com\/#\/schema\/person\/fc19782e70b95759f9500a3c7f5d621e\"},\"breadcrumb\":{\"@id\":\"https:\/\/www.bibliotecadiocesanademallorca.com\/index.php\/2023\/08\/03\/darrer-numero-de-la-revista-comprendre\/#breadcrumb\"},\"inLanguage\":\"ca\",\"potentialAction\":[{\"@type\":\"ReadAction\",\"target\":[\"https:\/\/www.bibliotecadiocesanademallorca.com\/index.php\/2023\/08\/03\/darrer-numero-de-la-revista-comprendre\/\"]}]},{\"@type\":\"ImageObject\",\"inLanguage\":\"ca\",\"@id\":\"https:\/\/www.bibliotecadiocesanademallorca.com\/index.php\/2023\/08\/03\/darrer-numero-de-la-revista-comprendre\/#primaryimage\",\"url\":\"https:\/\/www.bibliotecadiocesanademallorca.com\/wp-content\/uploads\/2023\/09\/Comprendre-251-2023.jpg\",\"contentUrl\":\"https:\/\/www.bibliotecadiocesanademallorca.com\/wp-content\/uploads\/2023\/09\/Comprendre-251-2023.jpg\",\"width\":526,\"height\":697},{\"@type\":\"BreadcrumbList\",\"@id\":\"https:\/\/www.bibliotecadiocesanademallorca.com\/index.php\/2023\/08\/03\/darrer-numero-de-la-revista-comprendre\/#breadcrumb\",\"itemListElement\":[{\"@type\":\"ListItem\",\"position\":1,\"name\":\"Inici\",\"item\":\"https:\/\/www.bibliotecadiocesanademallorca.com\/\"},{\"@type\":\"ListItem\",\"position\":2,\"name\":\"Darrer n\u00famero de la revista \u00abComprendre: revista catalana de filosofia\u00bb\"}]},{\"@type\":\"WebSite\",\"@id\":\"https:\/\/www.bibliotecadiocesanademallorca.com\/#website\",\"url\":\"https:\/\/www.bibliotecadiocesanademallorca.com\/\",\"name\":\"Biblioteca Diocesana de Mallorca\",\"description\":\"Bisbat de Mallorca\",\"potentialAction\":[{\"@type\":\"SearchAction\",\"target\":{\"@type\":\"EntryPoint\",\"urlTemplate\":\"https:\/\/www.bibliotecadiocesanademallorca.com\/?s={search_term_string}\"},\"query-input\":{\"@type\":\"PropertyValueSpecification\",\"valueRequired\":true,\"valueName\":\"search_term_string\"}}],\"inLanguage\":\"ca\"},{\"@type\":\"Person\",\"@id\":\"https:\/\/www.bibliotecadiocesanademallorca.com\/#\/schema\/person\/fc19782e70b95759f9500a3c7f5d621e\",\"name\":\"Biblioteca Diocesana de Mallorca\",\"image\":{\"@type\":\"ImageObject\",\"inLanguage\":\"ca\",\"@id\":\"https:\/\/www.bibliotecadiocesanademallorca.com\/#\/schema\/person\/image\/\",\"url\":\"https:\/\/secure.gravatar.com\/avatar\/d5ecd25069bfbe7c3154db55ce6ca8107b61d46c128451491fcc40d609a3494e?s=96&d=mm&r=g\",\"contentUrl\":\"https:\/\/secure.gravatar.com\/avatar\/d5ecd25069bfbe7c3154db55ce6ca8107b61d46c128451491fcc40d609a3494e?s=96&d=mm&r=g\",\"caption\":\"Biblioteca Diocesana de Mallorca\"},\"sameAs\":[\"http:\/\/www.bibliotecadiocesanademallorca.com\",\"bibliotecadiocesanademallorca\"],\"url\":\"https:\/\/www.bibliotecadiocesanademallorca.com\/index.php\/author\/bibliotecadiocesanademallorca\/\"}]}<\/script>\n<!-- \/ Yoast SEO plugin. -->","yoast_head_json":{"title":"Darrer n\u00famero de la revista \u00abComprendre: revista catalana de filosofia\u00bb - Biblioteca Diocesana de Mallorca","robots":{"index":"index","follow":"follow","max-snippet":"max-snippet:-1","max-image-preview":"max-image-preview:large","max-video-preview":"max-video-preview:-1"},"canonical":"https:\/\/www.bibliotecadiocesanademallorca.com\/index.php\/2023\/08\/03\/darrer-numero-de-la-revista-comprendre\/","og_locale":"ca_ES","og_type":"article","og_title":"Darrer n\u00famero de la revista \u00abComprendre: revista catalana de filosofia\u00bb - Biblioteca Diocesana de Mallorca","og_description":"Comprendre:\u00a0Revista Catalana de Filosofia. Vol. 25\/1. 2023. Facultat de Filosofia la Salle. Universitat Ramon Llull. Aquest n\u00famero de la dita revista cont\u00e9 diverses col\u00b7laboracions d\u2019inter\u00e8s, entre les quals destaca la dedicada a uns textos teol\u00f2gics de Simone Weil, la coneguda activista intel\u00b7lectual i pol\u00edtica, on, com destaca l\u2019autora, Carmen Herrando, professora de la Universitat cat\u00f2lica [&hellip;]","og_url":"https:\/\/www.bibliotecadiocesanademallorca.com\/index.php\/2023\/08\/03\/darrer-numero-de-la-revista-comprendre\/","og_site_name":"Biblioteca Diocesana de Mallorca","article_published_time":"2023-08-03T18:41:47+00:00","article_modified_time":"2023-10-16T23:40:57+00:00","og_image":[{"url":"https:\/\/www.bibliotecadiocesanademallorca.com\/wp-content\/uploads\/2023\/09\/Comprendre-251-2023.jpg","type":"","width":"","height":""}],"author":"Biblioteca Diocesana de Mallorca","twitter_card":"summary_large_image","twitter_misc":{"Escrit per":"Biblioteca Diocesana de Mallorca","Temps estimat de lectura":"1 minut"},"schema":{"@context":"https:\/\/schema.org","@graph":[{"@type":"Article","@id":"https:\/\/www.bibliotecadiocesanademallorca.com\/index.php\/2023\/08\/03\/darrer-numero-de-la-revista-comprendre\/#article","isPartOf":{"@id":"https:\/\/www.bibliotecadiocesanademallorca.com\/index.php\/2023\/08\/03\/darrer-numero-de-la-revista-comprendre\/"},"author":{"name":"Biblioteca Diocesana de Mallorca","@id":"https:\/\/www.bibliotecadiocesanademallorca.com\/#\/schema\/person\/fc19782e70b95759f9500a3c7f5d621e"},"headline":"Darrer n\u00famero de la revista \u00abComprendre: revista catalana de filosofia\u00bb","datePublished":"2023-08-03T18:41:47+00:00","dateModified":"2023-10-16T23:40:57+00:00","mainEntityOfPage":{"@id":"https:\/\/www.bibliotecadiocesanademallorca.com\/index.php\/2023\/08\/03\/darrer-numero-de-la-revista-comprendre\/"},"wordCount":176,"image":{"@id":"https:\/\/www.bibliotecadiocesanademallorca.com\/index.php\/2023\/08\/03\/darrer-numero-de-la-revista-comprendre\/#primaryimage"},"thumbnailUrl":"https:\/\/www.bibliotecadiocesanademallorca.com\/wp-content\/uploads\/2023\/09\/Comprendre-251-2023.jpg","keywords":["Ressenyes","Revista Comprendre","Santiago Amer"],"articleSection":["Hemeroteca","Ressenyes de revistes","T\u00e8cnic auxiliar"],"inLanguage":"ca"},{"@type":"WebPage","@id":"https:\/\/www.bibliotecadiocesanademallorca.com\/index.php\/2023\/08\/03\/darrer-numero-de-la-revista-comprendre\/","url":"https:\/\/www.bibliotecadiocesanademallorca.com\/index.php\/2023\/08\/03\/darrer-numero-de-la-revista-comprendre\/","name":"Darrer n\u00famero de la revista \u00abComprendre: revista catalana de filosofia\u00bb - Biblioteca Diocesana de Mallorca","isPartOf":{"@id":"https:\/\/www.bibliotecadiocesanademallorca.com\/#website"},"primaryImageOfPage":{"@id":"https:\/\/www.bibliotecadiocesanademallorca.com\/index.php\/2023\/08\/03\/darrer-numero-de-la-revista-comprendre\/#primaryimage"},"image":{"@id":"https:\/\/www.bibliotecadiocesanademallorca.com\/index.php\/2023\/08\/03\/darrer-numero-de-la-revista-comprendre\/#primaryimage"},"thumbnailUrl":"https:\/\/www.bibliotecadiocesanademallorca.com\/wp-content\/uploads\/2023\/09\/Comprendre-251-2023.jpg","datePublished":"2023-08-03T18:41:47+00:00","dateModified":"2023-10-16T23:40:57+00:00","author":{"@id":"https:\/\/www.bibliotecadiocesanademallorca.com\/#\/schema\/person\/fc19782e70b95759f9500a3c7f5d621e"},"breadcrumb":{"@id":"https:\/\/www.bibliotecadiocesanademallorca.com\/index.php\/2023\/08\/03\/darrer-numero-de-la-revista-comprendre\/#breadcrumb"},"inLanguage":"ca","potentialAction":[{"@type":"ReadAction","target":["https:\/\/www.bibliotecadiocesanademallorca.com\/index.php\/2023\/08\/03\/darrer-numero-de-la-revista-comprendre\/"]}]},{"@type":"ImageObject","inLanguage":"ca","@id":"https:\/\/www.bibliotecadiocesanademallorca.com\/index.php\/2023\/08\/03\/darrer-numero-de-la-revista-comprendre\/#primaryimage","url":"https:\/\/www.bibliotecadiocesanademallorca.com\/wp-content\/uploads\/2023\/09\/Comprendre-251-2023.jpg","contentUrl":"https:\/\/www.bibliotecadiocesanademallorca.com\/wp-content\/uploads\/2023\/09\/Comprendre-251-2023.jpg","width":526,"height":697},{"@type":"BreadcrumbList","@id":"https:\/\/www.bibliotecadiocesanademallorca.com\/index.php\/2023\/08\/03\/darrer-numero-de-la-revista-comprendre\/#breadcrumb","itemListElement":[{"@type":"ListItem","position":1,"name":"Inici","item":"https:\/\/www.bibliotecadiocesanademallorca.com\/"},{"@type":"ListItem","position":2,"name":"Darrer n\u00famero de la revista \u00abComprendre: revista catalana de filosofia\u00bb"}]},{"@type":"WebSite","@id":"https:\/\/www.bibliotecadiocesanademallorca.com\/#website","url":"https:\/\/www.bibliotecadiocesanademallorca.com\/","name":"Biblioteca Diocesana de Mallorca","description":"Bisbat de Mallorca","potentialAction":[{"@type":"SearchAction","target":{"@type":"EntryPoint","urlTemplate":"https:\/\/www.bibliotecadiocesanademallorca.com\/?s={search_term_string}"},"query-input":{"@type":"PropertyValueSpecification","valueRequired":true,"valueName":"search_term_string"}}],"inLanguage":"ca"},{"@type":"Person","@id":"https:\/\/www.bibliotecadiocesanademallorca.com\/#\/schema\/person\/fc19782e70b95759f9500a3c7f5d621e","name":"Biblioteca Diocesana de Mallorca","image":{"@type":"ImageObject","inLanguage":"ca","@id":"https:\/\/www.bibliotecadiocesanademallorca.com\/#\/schema\/person\/image\/","url":"https:\/\/secure.gravatar.com\/avatar\/d5ecd25069bfbe7c3154db55ce6ca8107b61d46c128451491fcc40d609a3494e?s=96&d=mm&r=g","contentUrl":"https:\/\/secure.gravatar.com\/avatar\/d5ecd25069bfbe7c3154db55ce6ca8107b61d46c128451491fcc40d609a3494e?s=96&d=mm&r=g","caption":"Biblioteca Diocesana de Mallorca"},"sameAs":["http:\/\/www.bibliotecadiocesanademallorca.com","bibliotecadiocesanademallorca"],"url":"https:\/\/www.bibliotecadiocesanademallorca.com\/index.php\/author\/bibliotecadiocesanademallorca\/"}]}},"_links":{"self":[{"href":"https:\/\/www.bibliotecadiocesanademallorca.com\/index.php\/wp-json\/wp\/v2\/posts\/1331","targetHints":{"allow":["GET"]}}],"collection":[{"href":"https:\/\/www.bibliotecadiocesanademallorca.com\/index.php\/wp-json\/wp\/v2\/posts"}],"about":[{"href":"https:\/\/www.bibliotecadiocesanademallorca.com\/index.php\/wp-json\/wp\/v2\/types\/post"}],"author":[{"embeddable":true,"href":"https:\/\/www.bibliotecadiocesanademallorca.com\/index.php\/wp-json\/wp\/v2\/users\/1"}],"replies":[{"embeddable":true,"href":"https:\/\/www.bibliotecadiocesanademallorca.com\/index.php\/wp-json\/wp\/v2\/comments?post=1331"}],"version-history":[{"count":2,"href":"https:\/\/www.bibliotecadiocesanademallorca.com\/index.php\/wp-json\/wp\/v2\/posts\/1331\/revisions"}],"predecessor-version":[{"id":1334,"href":"https:\/\/www.bibliotecadiocesanademallorca.com\/index.php\/wp-json\/wp\/v2\/posts\/1331\/revisions\/1334"}],"wp:attachment":[{"href":"https:\/\/www.bibliotecadiocesanademallorca.com\/index.php\/wp-json\/wp\/v2\/media?parent=1331"}],"wp:term":[{"taxonomy":"category","embeddable":true,"href":"https:\/\/www.bibliotecadiocesanademallorca.com\/index.php\/wp-json\/wp\/v2\/categories?post=1331"},{"taxonomy":"post_tag","embeddable":true,"href":"https:\/\/www.bibliotecadiocesanademallorca.com\/index.php\/wp-json\/wp\/v2\/tags?post=1331"}],"curies":[{"name":"wp","href":"https:\/\/api.w.org\/{rel}","templated":true}]}}