{"id":706,"date":"2021-01-05T21:46:06","date_gmt":"2021-01-05T21:46:06","guid":{"rendered":"https:\/\/www.bibliotecadiocesanademallorca.com\/?p=706"},"modified":"2021-01-20T21:30:22","modified_gmt":"2021-01-20T21:30:22","slug":"la-epifania-o-manifestacion-del-senor","status":"publish","type":"post","link":"https:\/\/www.bibliotecadiocesanademallorca.com\/index.php\/2021\/01\/05\/la-epifania-o-manifestacion-del-senor\/","title":{"rendered":"La Epifan\u00eda o \u00abManifestaci\u00f3n\u00bb del Se\u00f1or"},"content":{"rendered":"<p style=\"text-align: left;\">Mn. Jaume Mercant Sim\u00f3<\/p>\n<div id=\"attachment_707\" style=\"width: 2570px\" class=\"wp-caption alignnone\"><img loading=\"lazy\" decoding=\"async\" aria-describedby=\"caption-attachment-707\" class=\"wp-image-707 size-full\" src=\"https:\/\/www.bibliotecadiocesanademallorca.com\/wp-content\/uploads\/2021\/01\/Adoracion-Reyes-Magos_Durero-scaled.jpg\" alt=\"\" width=\"2560\" height=\"2235\" srcset=\"https:\/\/www.bibliotecadiocesanademallorca.com\/wp-content\/uploads\/2021\/01\/Adoracion-Reyes-Magos_Durero-scaled.jpg 2560w, https:\/\/www.bibliotecadiocesanademallorca.com\/wp-content\/uploads\/2021\/01\/Adoracion-Reyes-Magos_Durero-300x262.jpg 300w, https:\/\/www.bibliotecadiocesanademallorca.com\/wp-content\/uploads\/2021\/01\/Adoracion-Reyes-Magos_Durero-1024x894.jpg 1024w, https:\/\/www.bibliotecadiocesanademallorca.com\/wp-content\/uploads\/2021\/01\/Adoracion-Reyes-Magos_Durero-768x671.jpg 768w, https:\/\/www.bibliotecadiocesanademallorca.com\/wp-content\/uploads\/2021\/01\/Adoracion-Reyes-Magos_Durero-1536x1341.jpg 1536w, https:\/\/www.bibliotecadiocesanademallorca.com\/wp-content\/uploads\/2021\/01\/Adoracion-Reyes-Magos_Durero-2048x1788.jpg 2048w, https:\/\/www.bibliotecadiocesanademallorca.com\/wp-content\/uploads\/2021\/01\/Adoracion-Reyes-Magos_Durero-676x590.jpg 676w\" sizes=\"auto, (max-width: 2560px) 100vw, 2560px\" \/><p id=\"caption-attachment-707\" class=\"wp-caption-text\">Adoraci\u00f3n de los Magos (Albrecht D\u00fcrer, 1504)<\/p><\/div>\n<p>Hoy la Iglesia celebra solemnemente la Epifan\u00eda o <em>Manifestaci\u00f3n<\/em> (\u03b5\u03c0\u03b9\u03c6\u03ac\u03bd\u03b5\u03b9\u03b1) del Se\u00f1or. Como sabemos, los magos, guiados por una estrella, se presentaron ante el Ni\u00f1o y le ofrecieron oro, incienso y mirra, en se\u00f1al de adoraci\u00f3n y como reconocimiento de su realeza, divinidad y humanidad, se\u00f1alando, adem\u00e1s, que \u00c9l hab\u00eda venido a este mundo para salvarnos, pero tambi\u00e9n para sufrir y morir; de hecho, podemos decir que la sombra de la cruz del Calvario se hace presente en Bel\u00e9n desde los primer\u00edsimos instantes. Actualmente, nuestra verdadera estrella es Cristo, quien no s\u00f3lo nos gu\u00eda, sino que tambi\u00e9n ilumina el camino que debemos hacer para ir al Cielo, y al cual ya no le debemos ofrecer oro ni incienso ni mirra, sino nuestra propia vida, pues primeramente la ofreci\u00f3 \u00c9l por nosotros. En la Epifan\u00eda se manifiesta, adem\u00e1s, el car\u00e1cter cat\u00f3lico o universal de la salvaci\u00f3n; queda claro, por ende, que el Se\u00f1or no vino \u00fanicamente para rescatar al pueblo jud\u00edo, sino a las gentes de toda lengua, raza y naci\u00f3n. El Se\u00f1or se manifiesta, pues, a los israelitas, representados por los pastores, y a los magos, que son las <em>primicias de los gentiles<\/em>, como dice san Agust\u00edn; ambos, pastores y magos, jud\u00edos y gentiles, se unieron en una misma <em>piedra angular<\/em>, destinados a formar un solo pueblo de Dios:<\/p>\n<p>\u00abToda la Iglesia de la gentilidad ha aceptado celebrar con la m\u00e1xima devoci\u00f3n este d\u00eda, pues \u00bfqu\u00e9 otra cosa fueron aquellos magos sino las primicias de los gentiles? Los pastores eran israelitas; los magos, gentiles; aqu\u00e9llos vinieron de cerca; \u00e9stos, de lejos; pero unos y otros coincidieron en la piedra angular. Dice el Ap\u00f3stol: Cuando vino, nos anunci\u00f3 la paz a nosotros, que est\u00e1bamos lejos y a los que estaban cerca. \u00c9l es, en efecto, nuestra paz, quien hizo de ambos pueblos uno solo, y constituy\u00f3 en s\u00ed a los dos en un solo hombre nuevo, estableciendo la paz, y transform\u00f3 a los dos en un solo cuerpo para Dios, dando muerte en s\u00ed mismo a las enemistades\u00bb<br \/>\n(SAN AGUST\u00cdN, <em>Serm\u00f3n<\/em> 202, 1: PL 38, 1033)<\/p>\n","protected":false},"excerpt":{"rendered":"<p>Mn. Jaume Mercant Sim\u00f3 Hoy la Iglesia celebra solemnemente la Epifan\u00eda o Manifestaci\u00f3n (\u03b5\u03c0\u03b9\u03c6\u03ac\u03bd\u03b5\u03b9\u03b1) del Se\u00f1or. Como sabemos, los magos, guiados por una estrella, se presentaron ante el Ni\u00f1o y le ofrecieron oro, incienso y mirra, en se\u00f1al de adoraci\u00f3n y como reconocimiento de su realeza, divinidad y humanidad, se\u00f1alando, adem\u00e1s, que \u00c9l hab\u00eda venido [&hellip;]<\/p>\n","protected":false},"author":1,"featured_media":0,"comment_status":"open","ping_status":"open","sticky":false,"template":"","format":"standard","meta":{"footnotes":""},"categories":[16],"tags":[26,27],"class_list":["post-706","post","type-post","status-publish","format-standard","hentry","category-felicitacions","tag-epifania","tag-nadal","post-preview"],"yoast_head":"<!-- This site is optimized with the Yoast SEO plugin v26.8 - https:\/\/yoast.com\/product\/yoast-seo-wordpress\/ -->\n<title>La Epifan\u00eda o \u00abManifestaci\u00f3n\u00bb del Se\u00f1or - Biblioteca Diocesana de Mallorca<\/title>\n<meta name=\"robots\" content=\"index, follow, max-snippet:-1, max-image-preview:large, max-video-preview:-1\" \/>\n<link rel=\"canonical\" href=\"https:\/\/www.bibliotecadiocesanademallorca.com\/index.php\/2021\/01\/05\/la-epifania-o-manifestacion-del-senor\/\" \/>\n<meta property=\"og:locale\" content=\"ca_ES\" \/>\n<meta property=\"og:type\" content=\"article\" \/>\n<meta property=\"og:title\" content=\"La Epifan\u00eda o \u00abManifestaci\u00f3n\u00bb del Se\u00f1or - Biblioteca Diocesana de Mallorca\" \/>\n<meta property=\"og:description\" content=\"Mn. Jaume Mercant Sim\u00f3 Hoy la Iglesia celebra solemnemente la Epifan\u00eda o Manifestaci\u00f3n (\u03b5\u03c0\u03b9\u03c6\u03ac\u03bd\u03b5\u03b9\u03b1) del Se\u00f1or. Como sabemos, los magos, guiados por una estrella, se presentaron ante el Ni\u00f1o y le ofrecieron oro, incienso y mirra, en se\u00f1al de adoraci\u00f3n y como reconocimiento de su realeza, divinidad y humanidad, se\u00f1alando, adem\u00e1s, que \u00c9l hab\u00eda venido [&hellip;]\" \/>\n<meta property=\"og:url\" content=\"https:\/\/www.bibliotecadiocesanademallorca.com\/index.php\/2021\/01\/05\/la-epifania-o-manifestacion-del-senor\/\" \/>\n<meta property=\"og:site_name\" content=\"Biblioteca Diocesana de Mallorca\" \/>\n<meta property=\"article:published_time\" content=\"2021-01-05T21:46:06+00:00\" \/>\n<meta property=\"article:modified_time\" content=\"2021-01-20T21:30:22+00:00\" \/>\n<meta property=\"og:image\" content=\"https:\/\/www.bibliotecadiocesanademallorca.com\/wp-content\/uploads\/2021\/01\/Adoracion-Reyes-Magos_Durero-scaled.jpg\" \/>\n<meta name=\"author\" content=\"Biblioteca Diocesana de Mallorca\" \/>\n<meta name=\"twitter:card\" content=\"summary_large_image\" \/>\n<meta name=\"twitter:label1\" content=\"Escrit per\" \/>\n\t<meta name=\"twitter:data1\" content=\"Biblioteca Diocesana de Mallorca\" \/>\n\t<meta name=\"twitter:label2\" content=\"Temps estimat de lectura\" \/>\n\t<meta name=\"twitter:data2\" content=\"2 minuts\" \/>\n<script type=\"application\/ld+json\" class=\"yoast-schema-graph\">{\"@context\":\"https:\/\/schema.org\",\"@graph\":[{\"@type\":\"Article\",\"@id\":\"https:\/\/www.bibliotecadiocesanademallorca.com\/index.php\/2021\/01\/05\/la-epifania-o-manifestacion-del-senor\/#article\",\"isPartOf\":{\"@id\":\"https:\/\/www.bibliotecadiocesanademallorca.com\/index.php\/2021\/01\/05\/la-epifania-o-manifestacion-del-senor\/\"},\"author\":{\"name\":\"Biblioteca Diocesana de Mallorca\",\"@id\":\"https:\/\/www.bibliotecadiocesanademallorca.com\/#\/schema\/person\/fc19782e70b95759f9500a3c7f5d621e\"},\"headline\":\"La Epifan\u00eda o \u00abManifestaci\u00f3n\u00bb del Se\u00f1or\",\"datePublished\":\"2021-01-05T21:46:06+00:00\",\"dateModified\":\"2021-01-20T21:30:22+00:00\",\"mainEntityOfPage\":{\"@id\":\"https:\/\/www.bibliotecadiocesanademallorca.com\/index.php\/2021\/01\/05\/la-epifania-o-manifestacion-del-senor\/\"},\"wordCount\":402,\"commentCount\":0,\"image\":{\"@id\":\"https:\/\/www.bibliotecadiocesanademallorca.com\/index.php\/2021\/01\/05\/la-epifania-o-manifestacion-del-senor\/#primaryimage\"},\"thumbnailUrl\":\"https:\/\/www.bibliotecadiocesanademallorca.com\/wp-content\/uploads\/2021\/01\/Adoracion-Reyes-Magos_Durero-scaled.jpg\",\"keywords\":[\"Epifania\",\"Nadal\"],\"articleSection\":[\"Felicitacions\"],\"inLanguage\":\"ca\",\"potentialAction\":[{\"@type\":\"CommentAction\",\"name\":\"Comment\",\"target\":[\"https:\/\/www.bibliotecadiocesanademallorca.com\/index.php\/2021\/01\/05\/la-epifania-o-manifestacion-del-senor\/#respond\"]}]},{\"@type\":\"WebPage\",\"@id\":\"https:\/\/www.bibliotecadiocesanademallorca.com\/index.php\/2021\/01\/05\/la-epifania-o-manifestacion-del-senor\/\",\"url\":\"https:\/\/www.bibliotecadiocesanademallorca.com\/index.php\/2021\/01\/05\/la-epifania-o-manifestacion-del-senor\/\",\"name\":\"La Epifan\u00eda o \u00abManifestaci\u00f3n\u00bb del Se\u00f1or - Biblioteca Diocesana de Mallorca\",\"isPartOf\":{\"@id\":\"https:\/\/www.bibliotecadiocesanademallorca.com\/#website\"},\"primaryImageOfPage\":{\"@id\":\"https:\/\/www.bibliotecadiocesanademallorca.com\/index.php\/2021\/01\/05\/la-epifania-o-manifestacion-del-senor\/#primaryimage\"},\"image\":{\"@id\":\"https:\/\/www.bibliotecadiocesanademallorca.com\/index.php\/2021\/01\/05\/la-epifania-o-manifestacion-del-senor\/#primaryimage\"},\"thumbnailUrl\":\"https:\/\/www.bibliotecadiocesanademallorca.com\/wp-content\/uploads\/2021\/01\/Adoracion-Reyes-Magos_Durero-scaled.jpg\",\"datePublished\":\"2021-01-05T21:46:06+00:00\",\"dateModified\":\"2021-01-20T21:30:22+00:00\",\"author\":{\"@id\":\"https:\/\/www.bibliotecadiocesanademallorca.com\/#\/schema\/person\/fc19782e70b95759f9500a3c7f5d621e\"},\"breadcrumb\":{\"@id\":\"https:\/\/www.bibliotecadiocesanademallorca.com\/index.php\/2021\/01\/05\/la-epifania-o-manifestacion-del-senor\/#breadcrumb\"},\"inLanguage\":\"ca\",\"potentialAction\":[{\"@type\":\"ReadAction\",\"target\":[\"https:\/\/www.bibliotecadiocesanademallorca.com\/index.php\/2021\/01\/05\/la-epifania-o-manifestacion-del-senor\/\"]}]},{\"@type\":\"ImageObject\",\"inLanguage\":\"ca\",\"@id\":\"https:\/\/www.bibliotecadiocesanademallorca.com\/index.php\/2021\/01\/05\/la-epifania-o-manifestacion-del-senor\/#primaryimage\",\"url\":\"https:\/\/www.bibliotecadiocesanademallorca.com\/wp-content\/uploads\/2021\/01\/Adoracion-Reyes-Magos_Durero-scaled.jpg\",\"contentUrl\":\"https:\/\/www.bibliotecadiocesanademallorca.com\/wp-content\/uploads\/2021\/01\/Adoracion-Reyes-Magos_Durero-scaled.jpg\",\"width\":2560,\"height\":2235},{\"@type\":\"BreadcrumbList\",\"@id\":\"https:\/\/www.bibliotecadiocesanademallorca.com\/index.php\/2021\/01\/05\/la-epifania-o-manifestacion-del-senor\/#breadcrumb\",\"itemListElement\":[{\"@type\":\"ListItem\",\"position\":1,\"name\":\"Inici\",\"item\":\"https:\/\/www.bibliotecadiocesanademallorca.com\/\"},{\"@type\":\"ListItem\",\"position\":2,\"name\":\"La Epifan\u00eda o \u00abManifestaci\u00f3n\u00bb del Se\u00f1or\"}]},{\"@type\":\"WebSite\",\"@id\":\"https:\/\/www.bibliotecadiocesanademallorca.com\/#website\",\"url\":\"https:\/\/www.bibliotecadiocesanademallorca.com\/\",\"name\":\"Biblioteca Diocesana de Mallorca\",\"description\":\"Bisbat de Mallorca\",\"potentialAction\":[{\"@type\":\"SearchAction\",\"target\":{\"@type\":\"EntryPoint\",\"urlTemplate\":\"https:\/\/www.bibliotecadiocesanademallorca.com\/?s={search_term_string}\"},\"query-input\":{\"@type\":\"PropertyValueSpecification\",\"valueRequired\":true,\"valueName\":\"search_term_string\"}}],\"inLanguage\":\"ca\"},{\"@type\":\"Person\",\"@id\":\"https:\/\/www.bibliotecadiocesanademallorca.com\/#\/schema\/person\/fc19782e70b95759f9500a3c7f5d621e\",\"name\":\"Biblioteca Diocesana de Mallorca\",\"image\":{\"@type\":\"ImageObject\",\"inLanguage\":\"ca\",\"@id\":\"https:\/\/www.bibliotecadiocesanademallorca.com\/#\/schema\/person\/image\/\",\"url\":\"https:\/\/secure.gravatar.com\/avatar\/d5ecd25069bfbe7c3154db55ce6ca8107b61d46c128451491fcc40d609a3494e?s=96&d=mm&r=g\",\"contentUrl\":\"https:\/\/secure.gravatar.com\/avatar\/d5ecd25069bfbe7c3154db55ce6ca8107b61d46c128451491fcc40d609a3494e?s=96&d=mm&r=g\",\"caption\":\"Biblioteca Diocesana de Mallorca\"},\"sameAs\":[\"http:\/\/www.bibliotecadiocesanademallorca.com\",\"bibliotecadiocesanademallorca\"],\"url\":\"https:\/\/www.bibliotecadiocesanademallorca.com\/index.php\/author\/bibliotecadiocesanademallorca\/\"}]}<\/script>\n<!-- \/ Yoast SEO plugin. -->","yoast_head_json":{"title":"La Epifan\u00eda o \u00abManifestaci\u00f3n\u00bb del Se\u00f1or - Biblioteca Diocesana de Mallorca","robots":{"index":"index","follow":"follow","max-snippet":"max-snippet:-1","max-image-preview":"max-image-preview:large","max-video-preview":"max-video-preview:-1"},"canonical":"https:\/\/www.bibliotecadiocesanademallorca.com\/index.php\/2021\/01\/05\/la-epifania-o-manifestacion-del-senor\/","og_locale":"ca_ES","og_type":"article","og_title":"La Epifan\u00eda o \u00abManifestaci\u00f3n\u00bb del Se\u00f1or - Biblioteca Diocesana de Mallorca","og_description":"Mn. Jaume Mercant Sim\u00f3 Hoy la Iglesia celebra solemnemente la Epifan\u00eda o Manifestaci\u00f3n (\u03b5\u03c0\u03b9\u03c6\u03ac\u03bd\u03b5\u03b9\u03b1) del Se\u00f1or. Como sabemos, los magos, guiados por una estrella, se presentaron ante el Ni\u00f1o y le ofrecieron oro, incienso y mirra, en se\u00f1al de adoraci\u00f3n y como reconocimiento de su realeza, divinidad y humanidad, se\u00f1alando, adem\u00e1s, que \u00c9l hab\u00eda venido [&hellip;]","og_url":"https:\/\/www.bibliotecadiocesanademallorca.com\/index.php\/2021\/01\/05\/la-epifania-o-manifestacion-del-senor\/","og_site_name":"Biblioteca Diocesana de Mallorca","article_published_time":"2021-01-05T21:46:06+00:00","article_modified_time":"2021-01-20T21:30:22+00:00","og_image":[{"url":"https:\/\/www.bibliotecadiocesanademallorca.com\/wp-content\/uploads\/2021\/01\/Adoracion-Reyes-Magos_Durero-scaled.jpg","type":"","width":"","height":""}],"author":"Biblioteca Diocesana de Mallorca","twitter_card":"summary_large_image","twitter_misc":{"Escrit per":"Biblioteca Diocesana de Mallorca","Temps estimat de lectura":"2 minuts"},"schema":{"@context":"https:\/\/schema.org","@graph":[{"@type":"Article","@id":"https:\/\/www.bibliotecadiocesanademallorca.com\/index.php\/2021\/01\/05\/la-epifania-o-manifestacion-del-senor\/#article","isPartOf":{"@id":"https:\/\/www.bibliotecadiocesanademallorca.com\/index.php\/2021\/01\/05\/la-epifania-o-manifestacion-del-senor\/"},"author":{"name":"Biblioteca Diocesana de Mallorca","@id":"https:\/\/www.bibliotecadiocesanademallorca.com\/#\/schema\/person\/fc19782e70b95759f9500a3c7f5d621e"},"headline":"La Epifan\u00eda o \u00abManifestaci\u00f3n\u00bb del Se\u00f1or","datePublished":"2021-01-05T21:46:06+00:00","dateModified":"2021-01-20T21:30:22+00:00","mainEntityOfPage":{"@id":"https:\/\/www.bibliotecadiocesanademallorca.com\/index.php\/2021\/01\/05\/la-epifania-o-manifestacion-del-senor\/"},"wordCount":402,"commentCount":0,"image":{"@id":"https:\/\/www.bibliotecadiocesanademallorca.com\/index.php\/2021\/01\/05\/la-epifania-o-manifestacion-del-senor\/#primaryimage"},"thumbnailUrl":"https:\/\/www.bibliotecadiocesanademallorca.com\/wp-content\/uploads\/2021\/01\/Adoracion-Reyes-Magos_Durero-scaled.jpg","keywords":["Epifania","Nadal"],"articleSection":["Felicitacions"],"inLanguage":"ca","potentialAction":[{"@type":"CommentAction","name":"Comment","target":["https:\/\/www.bibliotecadiocesanademallorca.com\/index.php\/2021\/01\/05\/la-epifania-o-manifestacion-del-senor\/#respond"]}]},{"@type":"WebPage","@id":"https:\/\/www.bibliotecadiocesanademallorca.com\/index.php\/2021\/01\/05\/la-epifania-o-manifestacion-del-senor\/","url":"https:\/\/www.bibliotecadiocesanademallorca.com\/index.php\/2021\/01\/05\/la-epifania-o-manifestacion-del-senor\/","name":"La Epifan\u00eda o \u00abManifestaci\u00f3n\u00bb del Se\u00f1or - Biblioteca Diocesana de Mallorca","isPartOf":{"@id":"https:\/\/www.bibliotecadiocesanademallorca.com\/#website"},"primaryImageOfPage":{"@id":"https:\/\/www.bibliotecadiocesanademallorca.com\/index.php\/2021\/01\/05\/la-epifania-o-manifestacion-del-senor\/#primaryimage"},"image":{"@id":"https:\/\/www.bibliotecadiocesanademallorca.com\/index.php\/2021\/01\/05\/la-epifania-o-manifestacion-del-senor\/#primaryimage"},"thumbnailUrl":"https:\/\/www.bibliotecadiocesanademallorca.com\/wp-content\/uploads\/2021\/01\/Adoracion-Reyes-Magos_Durero-scaled.jpg","datePublished":"2021-01-05T21:46:06+00:00","dateModified":"2021-01-20T21:30:22+00:00","author":{"@id":"https:\/\/www.bibliotecadiocesanademallorca.com\/#\/schema\/person\/fc19782e70b95759f9500a3c7f5d621e"},"breadcrumb":{"@id":"https:\/\/www.bibliotecadiocesanademallorca.com\/index.php\/2021\/01\/05\/la-epifania-o-manifestacion-del-senor\/#breadcrumb"},"inLanguage":"ca","potentialAction":[{"@type":"ReadAction","target":["https:\/\/www.bibliotecadiocesanademallorca.com\/index.php\/2021\/01\/05\/la-epifania-o-manifestacion-del-senor\/"]}]},{"@type":"ImageObject","inLanguage":"ca","@id":"https:\/\/www.bibliotecadiocesanademallorca.com\/index.php\/2021\/01\/05\/la-epifania-o-manifestacion-del-senor\/#primaryimage","url":"https:\/\/www.bibliotecadiocesanademallorca.com\/wp-content\/uploads\/2021\/01\/Adoracion-Reyes-Magos_Durero-scaled.jpg","contentUrl":"https:\/\/www.bibliotecadiocesanademallorca.com\/wp-content\/uploads\/2021\/01\/Adoracion-Reyes-Magos_Durero-scaled.jpg","width":2560,"height":2235},{"@type":"BreadcrumbList","@id":"https:\/\/www.bibliotecadiocesanademallorca.com\/index.php\/2021\/01\/05\/la-epifania-o-manifestacion-del-senor\/#breadcrumb","itemListElement":[{"@type":"ListItem","position":1,"name":"Inici","item":"https:\/\/www.bibliotecadiocesanademallorca.com\/"},{"@type":"ListItem","position":2,"name":"La Epifan\u00eda o \u00abManifestaci\u00f3n\u00bb del Se\u00f1or"}]},{"@type":"WebSite","@id":"https:\/\/www.bibliotecadiocesanademallorca.com\/#website","url":"https:\/\/www.bibliotecadiocesanademallorca.com\/","name":"Biblioteca Diocesana de Mallorca","description":"Bisbat de Mallorca","potentialAction":[{"@type":"SearchAction","target":{"@type":"EntryPoint","urlTemplate":"https:\/\/www.bibliotecadiocesanademallorca.com\/?s={search_term_string}"},"query-input":{"@type":"PropertyValueSpecification","valueRequired":true,"valueName":"search_term_string"}}],"inLanguage":"ca"},{"@type":"Person","@id":"https:\/\/www.bibliotecadiocesanademallorca.com\/#\/schema\/person\/fc19782e70b95759f9500a3c7f5d621e","name":"Biblioteca Diocesana de Mallorca","image":{"@type":"ImageObject","inLanguage":"ca","@id":"https:\/\/www.bibliotecadiocesanademallorca.com\/#\/schema\/person\/image\/","url":"https:\/\/secure.gravatar.com\/avatar\/d5ecd25069bfbe7c3154db55ce6ca8107b61d46c128451491fcc40d609a3494e?s=96&d=mm&r=g","contentUrl":"https:\/\/secure.gravatar.com\/avatar\/d5ecd25069bfbe7c3154db55ce6ca8107b61d46c128451491fcc40d609a3494e?s=96&d=mm&r=g","caption":"Biblioteca Diocesana de Mallorca"},"sameAs":["http:\/\/www.bibliotecadiocesanademallorca.com","bibliotecadiocesanademallorca"],"url":"https:\/\/www.bibliotecadiocesanademallorca.com\/index.php\/author\/bibliotecadiocesanademallorca\/"}]}},"_links":{"self":[{"href":"https:\/\/www.bibliotecadiocesanademallorca.com\/index.php\/wp-json\/wp\/v2\/posts\/706","targetHints":{"allow":["GET"]}}],"collection":[{"href":"https:\/\/www.bibliotecadiocesanademallorca.com\/index.php\/wp-json\/wp\/v2\/posts"}],"about":[{"href":"https:\/\/www.bibliotecadiocesanademallorca.com\/index.php\/wp-json\/wp\/v2\/types\/post"}],"author":[{"embeddable":true,"href":"https:\/\/www.bibliotecadiocesanademallorca.com\/index.php\/wp-json\/wp\/v2\/users\/1"}],"replies":[{"embeddable":true,"href":"https:\/\/www.bibliotecadiocesanademallorca.com\/index.php\/wp-json\/wp\/v2\/comments?post=706"}],"version-history":[{"count":5,"href":"https:\/\/www.bibliotecadiocesanademallorca.com\/index.php\/wp-json\/wp\/v2\/posts\/706\/revisions"}],"predecessor-version":[{"id":755,"href":"https:\/\/www.bibliotecadiocesanademallorca.com\/index.php\/wp-json\/wp\/v2\/posts\/706\/revisions\/755"}],"wp:attachment":[{"href":"https:\/\/www.bibliotecadiocesanademallorca.com\/index.php\/wp-json\/wp\/v2\/media?parent=706"}],"wp:term":[{"taxonomy":"category","embeddable":true,"href":"https:\/\/www.bibliotecadiocesanademallorca.com\/index.php\/wp-json\/wp\/v2\/categories?post=706"},{"taxonomy":"post_tag","embeddable":true,"href":"https:\/\/www.bibliotecadiocesanademallorca.com\/index.php\/wp-json\/wp\/v2\/tags?post=706"}],"curies":[{"name":"wp","href":"https:\/\/api.w.org\/{rel}","templated":true}]}}