{"id":853,"date":"2021-07-16T20:09:00","date_gmt":"2021-07-16T20:09:00","guid":{"rendered":"https:\/\/www.bibliotecadiocesanademallorca.com\/?p=853"},"modified":"2021-07-16T20:17:05","modified_gmt":"2021-07-16T20:17:05","slug":"sobre-vicente-rodriguez-casado","status":"publish","type":"post","link":"https:\/\/www.bibliotecadiocesanademallorca.com\/index.php\/2021\/07\/16\/sobre-vicente-rodriguez-casado\/","title":{"rendered":"Sobre Vicente Rodr\u00edguez Casado"},"content":{"rendered":"<div id=\"attachment_854\" style=\"width: 275px\" class=\"wp-caption alignright\"><img loading=\"lazy\" decoding=\"async\" aria-describedby=\"caption-attachment-854\" class=\" wp-image-854\" src=\"https:\/\/www.bibliotecadiocesanademallorca.com\/wp-content\/uploads\/2021\/07\/Rodriguez-Casado.png\" alt=\"\" width=\"265\" height=\"398\" srcset=\"https:\/\/www.bibliotecadiocesanademallorca.com\/wp-content\/uploads\/2021\/07\/Rodriguez-Casado.png 404w, https:\/\/www.bibliotecadiocesanademallorca.com\/wp-content\/uploads\/2021\/07\/Rodriguez-Casado-200x300.png 200w\" sizes=\"auto, (max-width: 265px) 100vw, 265px\" \/><p id=\"caption-attachment-854\" class=\"wp-caption-text\">Sobre Vicente Rodr\u00edguez Casado<\/p><\/div>\n<p><strong>\u00abSobre Vicente Rodr\u00edguez Casado: Pensamiento y acci\u00f3n de un intelectual\u00bb, <\/strong><strong>de C\u00e9sar Olivera Serrano i Antonio Ca\u00f1ellas Mas<\/strong><\/p>\n<p>El nostre consultor acad\u00e8mic Antoni Ca\u00f1ellas Mas ha aportat a la Biblioteca l\u2019exemplar del n\u00famero 17 de la revista <em>Ideas<\/em>, editada per AEDOS (Asociaci\u00f3n para el Estudio de la Doctrina Social de la Iglesia) on ell n\u2019\u00e9s coautor. Aquest llibre de ressenya biogr\u00e0fica, ens transporta a l\u2019Espanya dels anys 30 i posteriors de la m\u00e0 de Vicente Rodr\u00edguez Casado, que fou historiador, pol\u00edtic i tamb\u00e9 fundador de diverses institucions i escoles a Espanya i a Iberoam\u00e8rica.<\/p>\n<p>Els coautors entren en di\u00e0leg amb diversos historiadors a fi de sostreure m\u00faltiples idees sobre el pensament d\u2019aquest intel\u00b7lectual, fent un recorregut per les etapes m\u00e9s importants de la seva vida, com fou la seva relaci\u00f3 amb Catalunya, els viatges que va fer a Hispanoam\u00e8rica, la seva acci\u00f3 formativa a la R\u00e1bida i a la Universitat Complutense, incloent tamb\u00e9 notes sobre el seu perfil psicol\u00f2gic, la seva moral cristiana i el seu itinerari intel\u00b7lectual i pol\u00edtic.<\/p>\n<p>Maria Bel Riera, auxiliar de biblioteca<\/p>\n","protected":false},"excerpt":{"rendered":"<p>\u00abSobre Vicente Rodr\u00edguez Casado: Pensamiento y acci\u00f3n de un intelectual\u00bb, de C\u00e9sar Olivera Serrano i Antonio Ca\u00f1ellas Mas El nostre consultor acad\u00e8mic Antoni Ca\u00f1ellas Mas ha aportat a la Biblioteca l\u2019exemplar del n\u00famero 17 de la revista Ideas, editada per AEDOS (Asociaci\u00f3n para el Estudio de la Doctrina Social de la Iglesia) on ell n\u2019\u00e9s [&hellip;]<\/p>\n","protected":false},"author":1,"featured_media":0,"comment_status":"closed","ping_status":"open","sticky":false,"template":"","format":"standard","meta":{"footnotes":""},"categories":[36,31,30,17],"tags":[32,37,38,33,39],"class_list":["post-853","post","type-post","status-publish","format-standard","hentry","category-auxiliar-de-biblioteca","category-consultor-academic","category-noves-adquisicions","category-ressenyes-de-llibres","tag-antoni-canelles-mas","tag-auxiliar-de-biblioteca","tag-maria-bel-riera","tag-ressenyes","tag-vicente-rodriguez-casado","post-preview"],"yoast_head":"<!-- This site is optimized with the Yoast SEO plugin v26.8 - https:\/\/yoast.com\/product\/yoast-seo-wordpress\/ -->\n<title>Sobre Vicente Rodr\u00edguez Casado - Biblioteca Diocesana de Mallorca<\/title>\n<meta name=\"robots\" content=\"index, follow, max-snippet:-1, max-image-preview:large, max-video-preview:-1\" \/>\n<link rel=\"canonical\" href=\"https:\/\/www.bibliotecadiocesanademallorca.com\/index.php\/2021\/07\/16\/sobre-vicente-rodriguez-casado\/\" \/>\n<meta property=\"og:locale\" content=\"ca_ES\" \/>\n<meta property=\"og:type\" content=\"article\" \/>\n<meta property=\"og:title\" content=\"Sobre Vicente Rodr\u00edguez Casado - Biblioteca Diocesana de Mallorca\" \/>\n<meta property=\"og:description\" content=\"\u00abSobre Vicente Rodr\u00edguez Casado: Pensamiento y acci\u00f3n de un intelectual\u00bb, de C\u00e9sar Olivera Serrano i Antonio Ca\u00f1ellas Mas El nostre consultor acad\u00e8mic Antoni Ca\u00f1ellas Mas ha aportat a la Biblioteca l\u2019exemplar del n\u00famero 17 de la revista Ideas, editada per AEDOS (Asociaci\u00f3n para el Estudio de la Doctrina Social de la Iglesia) on ell n\u2019\u00e9s [&hellip;]\" \/>\n<meta property=\"og:url\" content=\"https:\/\/www.bibliotecadiocesanademallorca.com\/index.php\/2021\/07\/16\/sobre-vicente-rodriguez-casado\/\" \/>\n<meta property=\"og:site_name\" content=\"Biblioteca Diocesana de Mallorca\" \/>\n<meta property=\"article:published_time\" content=\"2021-07-16T20:09:00+00:00\" \/>\n<meta property=\"article:modified_time\" content=\"2021-07-16T20:17:05+00:00\" \/>\n<meta property=\"og:image\" content=\"https:\/\/www.bibliotecadiocesanademallorca.com\/wp-content\/uploads\/2021\/07\/Rodriguez-Casado.png\" \/>\n<meta name=\"author\" content=\"Biblioteca Diocesana de Mallorca\" \/>\n<meta name=\"twitter:card\" content=\"summary_large_image\" \/>\n<meta name=\"twitter:label1\" content=\"Escrit per\" \/>\n\t<meta name=\"twitter:data1\" content=\"Biblioteca Diocesana de Mallorca\" \/>\n\t<meta name=\"twitter:label2\" content=\"Temps estimat de lectura\" \/>\n\t<meta name=\"twitter:data2\" content=\"2 minuts\" \/>\n<script type=\"application\/ld+json\" class=\"yoast-schema-graph\">{\"@context\":\"https:\/\/schema.org\",\"@graph\":[{\"@type\":\"Article\",\"@id\":\"https:\/\/www.bibliotecadiocesanademallorca.com\/index.php\/2021\/07\/16\/sobre-vicente-rodriguez-casado\/#article\",\"isPartOf\":{\"@id\":\"https:\/\/www.bibliotecadiocesanademallorca.com\/index.php\/2021\/07\/16\/sobre-vicente-rodriguez-casado\/\"},\"author\":{\"name\":\"Biblioteca Diocesana de Mallorca\",\"@id\":\"https:\/\/www.bibliotecadiocesanademallorca.com\/#\/schema\/person\/fc19782e70b95759f9500a3c7f5d621e\"},\"headline\":\"Sobre Vicente Rodr\u00edguez Casado\",\"datePublished\":\"2021-07-16T20:09:00+00:00\",\"dateModified\":\"2021-07-16T20:17:05+00:00\",\"mainEntityOfPage\":{\"@id\":\"https:\/\/www.bibliotecadiocesanademallorca.com\/index.php\/2021\/07\/16\/sobre-vicente-rodriguez-casado\/\"},\"wordCount\":216,\"image\":{\"@id\":\"https:\/\/www.bibliotecadiocesanademallorca.com\/index.php\/2021\/07\/16\/sobre-vicente-rodriguez-casado\/#primaryimage\"},\"thumbnailUrl\":\"https:\/\/www.bibliotecadiocesanademallorca.com\/wp-content\/uploads\/2021\/07\/Rodriguez-Casado.png\",\"keywords\":[\"Antoni Ca\u00f1elles Mas\",\"Auxiliar de Biblioteca\",\"Maria Bel Riera\",\"Ressenyes\",\"Vicente Rodr\u00edguez Casado\"],\"articleSection\":[\"Auxiliar de Biblioteca\",\"Consultor acad\u00e8mic\",\"Noves adquisicions\",\"Ressenyes de llibres\"],\"inLanguage\":\"ca\"},{\"@type\":\"WebPage\",\"@id\":\"https:\/\/www.bibliotecadiocesanademallorca.com\/index.php\/2021\/07\/16\/sobre-vicente-rodriguez-casado\/\",\"url\":\"https:\/\/www.bibliotecadiocesanademallorca.com\/index.php\/2021\/07\/16\/sobre-vicente-rodriguez-casado\/\",\"name\":\"Sobre Vicente Rodr\u00edguez Casado - Biblioteca Diocesana de Mallorca\",\"isPartOf\":{\"@id\":\"https:\/\/www.bibliotecadiocesanademallorca.com\/#website\"},\"primaryImageOfPage\":{\"@id\":\"https:\/\/www.bibliotecadiocesanademallorca.com\/index.php\/2021\/07\/16\/sobre-vicente-rodriguez-casado\/#primaryimage\"},\"image\":{\"@id\":\"https:\/\/www.bibliotecadiocesanademallorca.com\/index.php\/2021\/07\/16\/sobre-vicente-rodriguez-casado\/#primaryimage\"},\"thumbnailUrl\":\"https:\/\/www.bibliotecadiocesanademallorca.com\/wp-content\/uploads\/2021\/07\/Rodriguez-Casado.png\",\"datePublished\":\"2021-07-16T20:09:00+00:00\",\"dateModified\":\"2021-07-16T20:17:05+00:00\",\"author\":{\"@id\":\"https:\/\/www.bibliotecadiocesanademallorca.com\/#\/schema\/person\/fc19782e70b95759f9500a3c7f5d621e\"},\"breadcrumb\":{\"@id\":\"https:\/\/www.bibliotecadiocesanademallorca.com\/index.php\/2021\/07\/16\/sobre-vicente-rodriguez-casado\/#breadcrumb\"},\"inLanguage\":\"ca\",\"potentialAction\":[{\"@type\":\"ReadAction\",\"target\":[\"https:\/\/www.bibliotecadiocesanademallorca.com\/index.php\/2021\/07\/16\/sobre-vicente-rodriguez-casado\/\"]}]},{\"@type\":\"ImageObject\",\"inLanguage\":\"ca\",\"@id\":\"https:\/\/www.bibliotecadiocesanademallorca.com\/index.php\/2021\/07\/16\/sobre-vicente-rodriguez-casado\/#primaryimage\",\"url\":\"https:\/\/www.bibliotecadiocesanademallorca.com\/wp-content\/uploads\/2021\/07\/Rodriguez-Casado.png\",\"contentUrl\":\"https:\/\/www.bibliotecadiocesanademallorca.com\/wp-content\/uploads\/2021\/07\/Rodriguez-Casado.png\",\"width\":404,\"height\":605,\"caption\":\"Sobre Vicente Rodr\u00edguez Casado\"},{\"@type\":\"BreadcrumbList\",\"@id\":\"https:\/\/www.bibliotecadiocesanademallorca.com\/index.php\/2021\/07\/16\/sobre-vicente-rodriguez-casado\/#breadcrumb\",\"itemListElement\":[{\"@type\":\"ListItem\",\"position\":1,\"name\":\"Inici\",\"item\":\"https:\/\/www.bibliotecadiocesanademallorca.com\/\"},{\"@type\":\"ListItem\",\"position\":2,\"name\":\"Sobre Vicente Rodr\u00edguez Casado\"}]},{\"@type\":\"WebSite\",\"@id\":\"https:\/\/www.bibliotecadiocesanademallorca.com\/#website\",\"url\":\"https:\/\/www.bibliotecadiocesanademallorca.com\/\",\"name\":\"Biblioteca Diocesana de Mallorca\",\"description\":\"Bisbat de Mallorca\",\"potentialAction\":[{\"@type\":\"SearchAction\",\"target\":{\"@type\":\"EntryPoint\",\"urlTemplate\":\"https:\/\/www.bibliotecadiocesanademallorca.com\/?s={search_term_string}\"},\"query-input\":{\"@type\":\"PropertyValueSpecification\",\"valueRequired\":true,\"valueName\":\"search_term_string\"}}],\"inLanguage\":\"ca\"},{\"@type\":\"Person\",\"@id\":\"https:\/\/www.bibliotecadiocesanademallorca.com\/#\/schema\/person\/fc19782e70b95759f9500a3c7f5d621e\",\"name\":\"Biblioteca Diocesana de Mallorca\",\"image\":{\"@type\":\"ImageObject\",\"inLanguage\":\"ca\",\"@id\":\"https:\/\/www.bibliotecadiocesanademallorca.com\/#\/schema\/person\/image\/\",\"url\":\"https:\/\/secure.gravatar.com\/avatar\/d5ecd25069bfbe7c3154db55ce6ca8107b61d46c128451491fcc40d609a3494e?s=96&d=mm&r=g\",\"contentUrl\":\"https:\/\/secure.gravatar.com\/avatar\/d5ecd25069bfbe7c3154db55ce6ca8107b61d46c128451491fcc40d609a3494e?s=96&d=mm&r=g\",\"caption\":\"Biblioteca Diocesana de Mallorca\"},\"sameAs\":[\"http:\/\/www.bibliotecadiocesanademallorca.com\",\"bibliotecadiocesanademallorca\"],\"url\":\"https:\/\/www.bibliotecadiocesanademallorca.com\/index.php\/author\/bibliotecadiocesanademallorca\/\"}]}<\/script>\n<!-- \/ Yoast SEO plugin. -->","yoast_head_json":{"title":"Sobre Vicente Rodr\u00edguez Casado - Biblioteca Diocesana de Mallorca","robots":{"index":"index","follow":"follow","max-snippet":"max-snippet:-1","max-image-preview":"max-image-preview:large","max-video-preview":"max-video-preview:-1"},"canonical":"https:\/\/www.bibliotecadiocesanademallorca.com\/index.php\/2021\/07\/16\/sobre-vicente-rodriguez-casado\/","og_locale":"ca_ES","og_type":"article","og_title":"Sobre Vicente Rodr\u00edguez Casado - Biblioteca Diocesana de Mallorca","og_description":"\u00abSobre Vicente Rodr\u00edguez Casado: Pensamiento y acci\u00f3n de un intelectual\u00bb, de C\u00e9sar Olivera Serrano i Antonio Ca\u00f1ellas Mas El nostre consultor acad\u00e8mic Antoni Ca\u00f1ellas Mas ha aportat a la Biblioteca l\u2019exemplar del n\u00famero 17 de la revista Ideas, editada per AEDOS (Asociaci\u00f3n para el Estudio de la Doctrina Social de la Iglesia) on ell n\u2019\u00e9s [&hellip;]","og_url":"https:\/\/www.bibliotecadiocesanademallorca.com\/index.php\/2021\/07\/16\/sobre-vicente-rodriguez-casado\/","og_site_name":"Biblioteca Diocesana de Mallorca","article_published_time":"2021-07-16T20:09:00+00:00","article_modified_time":"2021-07-16T20:17:05+00:00","og_image":[{"url":"https:\/\/www.bibliotecadiocesanademallorca.com\/wp-content\/uploads\/2021\/07\/Rodriguez-Casado.png","type":"","width":"","height":""}],"author":"Biblioteca Diocesana de Mallorca","twitter_card":"summary_large_image","twitter_misc":{"Escrit per":"Biblioteca Diocesana de Mallorca","Temps estimat de lectura":"2 minuts"},"schema":{"@context":"https:\/\/schema.org","@graph":[{"@type":"Article","@id":"https:\/\/www.bibliotecadiocesanademallorca.com\/index.php\/2021\/07\/16\/sobre-vicente-rodriguez-casado\/#article","isPartOf":{"@id":"https:\/\/www.bibliotecadiocesanademallorca.com\/index.php\/2021\/07\/16\/sobre-vicente-rodriguez-casado\/"},"author":{"name":"Biblioteca Diocesana de Mallorca","@id":"https:\/\/www.bibliotecadiocesanademallorca.com\/#\/schema\/person\/fc19782e70b95759f9500a3c7f5d621e"},"headline":"Sobre Vicente Rodr\u00edguez Casado","datePublished":"2021-07-16T20:09:00+00:00","dateModified":"2021-07-16T20:17:05+00:00","mainEntityOfPage":{"@id":"https:\/\/www.bibliotecadiocesanademallorca.com\/index.php\/2021\/07\/16\/sobre-vicente-rodriguez-casado\/"},"wordCount":216,"image":{"@id":"https:\/\/www.bibliotecadiocesanademallorca.com\/index.php\/2021\/07\/16\/sobre-vicente-rodriguez-casado\/#primaryimage"},"thumbnailUrl":"https:\/\/www.bibliotecadiocesanademallorca.com\/wp-content\/uploads\/2021\/07\/Rodriguez-Casado.png","keywords":["Antoni Ca\u00f1elles Mas","Auxiliar de Biblioteca","Maria Bel Riera","Ressenyes","Vicente Rodr\u00edguez Casado"],"articleSection":["Auxiliar de Biblioteca","Consultor acad\u00e8mic","Noves adquisicions","Ressenyes de llibres"],"inLanguage":"ca"},{"@type":"WebPage","@id":"https:\/\/www.bibliotecadiocesanademallorca.com\/index.php\/2021\/07\/16\/sobre-vicente-rodriguez-casado\/","url":"https:\/\/www.bibliotecadiocesanademallorca.com\/index.php\/2021\/07\/16\/sobre-vicente-rodriguez-casado\/","name":"Sobre Vicente Rodr\u00edguez Casado - Biblioteca Diocesana de Mallorca","isPartOf":{"@id":"https:\/\/www.bibliotecadiocesanademallorca.com\/#website"},"primaryImageOfPage":{"@id":"https:\/\/www.bibliotecadiocesanademallorca.com\/index.php\/2021\/07\/16\/sobre-vicente-rodriguez-casado\/#primaryimage"},"image":{"@id":"https:\/\/www.bibliotecadiocesanademallorca.com\/index.php\/2021\/07\/16\/sobre-vicente-rodriguez-casado\/#primaryimage"},"thumbnailUrl":"https:\/\/www.bibliotecadiocesanademallorca.com\/wp-content\/uploads\/2021\/07\/Rodriguez-Casado.png","datePublished":"2021-07-16T20:09:00+00:00","dateModified":"2021-07-16T20:17:05+00:00","author":{"@id":"https:\/\/www.bibliotecadiocesanademallorca.com\/#\/schema\/person\/fc19782e70b95759f9500a3c7f5d621e"},"breadcrumb":{"@id":"https:\/\/www.bibliotecadiocesanademallorca.com\/index.php\/2021\/07\/16\/sobre-vicente-rodriguez-casado\/#breadcrumb"},"inLanguage":"ca","potentialAction":[{"@type":"ReadAction","target":["https:\/\/www.bibliotecadiocesanademallorca.com\/index.php\/2021\/07\/16\/sobre-vicente-rodriguez-casado\/"]}]},{"@type":"ImageObject","inLanguage":"ca","@id":"https:\/\/www.bibliotecadiocesanademallorca.com\/index.php\/2021\/07\/16\/sobre-vicente-rodriguez-casado\/#primaryimage","url":"https:\/\/www.bibliotecadiocesanademallorca.com\/wp-content\/uploads\/2021\/07\/Rodriguez-Casado.png","contentUrl":"https:\/\/www.bibliotecadiocesanademallorca.com\/wp-content\/uploads\/2021\/07\/Rodriguez-Casado.png","width":404,"height":605,"caption":"Sobre Vicente Rodr\u00edguez Casado"},{"@type":"BreadcrumbList","@id":"https:\/\/www.bibliotecadiocesanademallorca.com\/index.php\/2021\/07\/16\/sobre-vicente-rodriguez-casado\/#breadcrumb","itemListElement":[{"@type":"ListItem","position":1,"name":"Inici","item":"https:\/\/www.bibliotecadiocesanademallorca.com\/"},{"@type":"ListItem","position":2,"name":"Sobre Vicente Rodr\u00edguez Casado"}]},{"@type":"WebSite","@id":"https:\/\/www.bibliotecadiocesanademallorca.com\/#website","url":"https:\/\/www.bibliotecadiocesanademallorca.com\/","name":"Biblioteca Diocesana de Mallorca","description":"Bisbat de Mallorca","potentialAction":[{"@type":"SearchAction","target":{"@type":"EntryPoint","urlTemplate":"https:\/\/www.bibliotecadiocesanademallorca.com\/?s={search_term_string}"},"query-input":{"@type":"PropertyValueSpecification","valueRequired":true,"valueName":"search_term_string"}}],"inLanguage":"ca"},{"@type":"Person","@id":"https:\/\/www.bibliotecadiocesanademallorca.com\/#\/schema\/person\/fc19782e70b95759f9500a3c7f5d621e","name":"Biblioteca Diocesana de Mallorca","image":{"@type":"ImageObject","inLanguage":"ca","@id":"https:\/\/www.bibliotecadiocesanademallorca.com\/#\/schema\/person\/image\/","url":"https:\/\/secure.gravatar.com\/avatar\/d5ecd25069bfbe7c3154db55ce6ca8107b61d46c128451491fcc40d609a3494e?s=96&d=mm&r=g","contentUrl":"https:\/\/secure.gravatar.com\/avatar\/d5ecd25069bfbe7c3154db55ce6ca8107b61d46c128451491fcc40d609a3494e?s=96&d=mm&r=g","caption":"Biblioteca Diocesana de Mallorca"},"sameAs":["http:\/\/www.bibliotecadiocesanademallorca.com","bibliotecadiocesanademallorca"],"url":"https:\/\/www.bibliotecadiocesanademallorca.com\/index.php\/author\/bibliotecadiocesanademallorca\/"}]}},"_links":{"self":[{"href":"https:\/\/www.bibliotecadiocesanademallorca.com\/index.php\/wp-json\/wp\/v2\/posts\/853","targetHints":{"allow":["GET"]}}],"collection":[{"href":"https:\/\/www.bibliotecadiocesanademallorca.com\/index.php\/wp-json\/wp\/v2\/posts"}],"about":[{"href":"https:\/\/www.bibliotecadiocesanademallorca.com\/index.php\/wp-json\/wp\/v2\/types\/post"}],"author":[{"embeddable":true,"href":"https:\/\/www.bibliotecadiocesanademallorca.com\/index.php\/wp-json\/wp\/v2\/users\/1"}],"replies":[{"embeddable":true,"href":"https:\/\/www.bibliotecadiocesanademallorca.com\/index.php\/wp-json\/wp\/v2\/comments?post=853"}],"version-history":[{"count":3,"href":"https:\/\/www.bibliotecadiocesanademallorca.com\/index.php\/wp-json\/wp\/v2\/posts\/853\/revisions"}],"predecessor-version":[{"id":857,"href":"https:\/\/www.bibliotecadiocesanademallorca.com\/index.php\/wp-json\/wp\/v2\/posts\/853\/revisions\/857"}],"wp:attachment":[{"href":"https:\/\/www.bibliotecadiocesanademallorca.com\/index.php\/wp-json\/wp\/v2\/media?parent=853"}],"wp:term":[{"taxonomy":"category","embeddable":true,"href":"https:\/\/www.bibliotecadiocesanademallorca.com\/index.php\/wp-json\/wp\/v2\/categories?post=853"},{"taxonomy":"post_tag","embeddable":true,"href":"https:\/\/www.bibliotecadiocesanademallorca.com\/index.php\/wp-json\/wp\/v2\/tags?post=853"}],"curies":[{"name":"wp","href":"https:\/\/api.w.org\/{rel}","templated":true}]}}